{"id":255342,"date":"2015-02-07T00:11:02","date_gmt":"2015-02-07T00:11:02","guid":{"rendered":"http:\/\/diariodominicano.ddns.net\/?p=255342"},"modified":"2015-02-07T00:11:02","modified_gmt":"2015-02-07T00:11:02","slug":"declaran-inconstitucional-la-ley-de-quiebra-de-puerto-rico","status":"publish","type":"post","link":"https:\/\/diariodominicano.com\/?p=255342","title":{"rendered":"Declaran inconstitucional la ley de quiebra de Puerto Rico"},"content":{"rendered":"<p><body><\/p>\n<p><img decoding=\"async\" src=\"img3\/Besosa00000000.jpg\" \/>  <\/p>\n<p><span class=\"text1noticias\">Por ELNUEVODIA.COM<\/span><\/p>\n<\/p>\n<p><span class=\"text1noticias\">SAN JUAN, 7 de Febrero de 2015.- El Tribunal Federal para el Distrito de Puerto Rico declar\u00f3 inconstitucional la Ley 71 de 2014, mejor conocida como la \u00abley de quiebra criolla\u00bb, debido a que el estatuto es campo ocupado por el C\u00f3digo de Quiebras de Estados Unidos.<\/span><\/p>\n<\/p>\n<p><span class=\"text1noticias\">Seg\u00fan la opini\u00f3n del juez Francisco A. Besosa, la \u00abLey para el Cumplimiento con las Deudas y para la Recuperaci\u00f3n de las Corporaciones P\u00fablicas\u00bb es nula bajo la Cl\u00e1usula de Supremac\u00eda de la Constituci\u00f3n de Estados Unidos.<\/span><\/p>\n<\/p>\n<p><span class=\"text1noticias\">La demanda fue presentada en junio del a\u00f1o pasado por las firmas Blue Mountain Capital Management LLC y Franklin California Tax-Free Trust, que en conjunto poseen cerca de $2,000 millones en bonos de la Autoridad de Energ\u00eda El\u00e9ctrica (AEE).<\/span><\/p>\n<\/p>\n<p><span class=\"text1noticias\">RELACIONADOS:<\/span><\/p>\n<p><span class=\"text1noticias\">Radican primera demanda por ley de \u00abquiebra criolla\u00bb<\/span><\/p>\n<p><span class=\"text1noticias\">hace 8 meses<\/span><\/p>\n<\/p>\n<p><span class=\"text1noticias\">Aparte de la supuesta violaci\u00f3n a la Cl\u00e1usula de Quiebras, los demandantes sostuvieron que la ley ten\u00eda \u00abnumerosas disposiciones\u00bb que, por s\u00ed solas, superan los poderes de los demandados de promulgar legislaci\u00f3n y, por lo tanto, tambi\u00e9n violan la Constituci\u00f3n federal.<\/span><\/p>\n<\/p>\n<p><span class=\"text1noticias\">La ley, seg\u00fan exponen, permitir\u00eda a la AEE usar el colateral de los bonos para asegurar pr\u00e9stamos adicionales (seguir tomando prestado), al tiempo que retiene sus activos para seguir llevando a cabo \u00abfunciones p\u00fablicas\u00bb durante la reestructuraci\u00f3n.<\/span><\/p>\n<\/p>\n<p><span class=\"text1noticias\">La Ley 71 fue aprobada el 28 de junio de 2014. En aquel entonces, el secretario de Justicia C\u00e9sar Miranda, asegur\u00f3 que el gobierno llev\u00f3 a cabo un an\u00e1lisis detallado antes de presentar la legislaci\u00f3n.<\/span><\/p>\n<\/p>\n<p><span class=\"text1noticias\">\u00abEso est\u00e1 estudiado antes de aprobarse esta ley. Se pas\u00f3 juicio sobre toda esa determinaci\u00f3n. Se concluy\u00f3 que, efectivamente, hay una prohibici\u00f3n para Puerto Rico poderse acoger a la Ley de Quiebra. Pero Puerto Rico, en el ejercicio de su soberan\u00eda en aquellas \u00e1reas que no han sido ocupadas por legislaci\u00f3n federal, pues se puede legislar\u00bb, se\u00f1al\u00f3 Miranda.<\/span><\/p>\n<\/p>\n<p><span class=\"text1noticias\">Aleg\u00f3 que la administraci\u00f3n de Garc\u00eda Padilla ha sido \u00abm\u00e1s precavida que Detroit\u00bb para tomar estos pasos para reestructurar a las corporaciones p\u00fablicas que enfrentan problemas financieros, como la AEE.<\/span><\/p>\n<\/p>\n<p><span class=\"text1noticias\">\u00abPuerto Rico tiene pleno derecho a defenderse, a proteger sus intereses. Esto es una ley completamente necesaria\u00bb, precis\u00f3 Miranda en ese momento, al aclarar que \u00abaqu\u00ed no se ha dicho que no se va a pagar, es que se va a pagar bajo ciertas condiciones\u00bb.<\/span><\/p>\n<\/p>\n<h6> 2015-02-07 00:11:02 <\/h6>\n<p><!--\n<link rel=\"stylesheet\" href=\"css\/bootstrap.min.css\">\n\n\n<ul class=\"pagination\">\n\t    \n\t\n\n<li >\n\t<a href='?page_no=24986'>Previous<\/a>\n\t<\/li>\n\n\n       \n    \n\n<li><a href='?page_no=1'>1<\/a><\/li>\n\n\n\n<li><a href='?page_no=2'>2<\/a><\/li>\n\n\n\n<li><a>...<\/a><\/li>\n\n\n\n<li><a href='?page_no=24985'>24985<\/a><\/li>\n\n\n\n<li><a href='?page_no=24986'>24986<\/a><\/li>\n\n\n\n<li class='active'><a>24987<\/a><\/li>\n\n\n\n<li><a href='?page_no=24988'>24988<\/a><\/li>\n\n\n\n<li><a href='?page_no=24989'>24989<\/a><\/li>\n\n\n\n<li><a>...<\/a><\/li>\n\n\n\n<li><a href='?page_no=51012'>51012<\/a><\/li>\n\n\n\n<li><a href='?page_no=51013'>51013<\/a><\/li>\n\n    \n\t\n\n<li >\n\t<a href='?page_no=24988'>Next<\/a>\n\t<\/li>\n\n\n    \n\n<li><a href='?page_no=51013'>Last &rsaquo;&rsaquo;<\/a><\/li>\n\n<\/ul>\n\n\n--><br \/>\n<\/body><\/p>\n","protected":false},"excerpt":{"rendered":"<p>Por ELNUEVODIA.COM SAN JUAN, 7 de Febrero de 2015.- El Tribunal Federal para el Distrito de Puerto Rico declar\u00f3 inconstitucional la Ley 71 de 2014, mejor conocida como la \u00abley de quiebra criolla\u00bb, debido a que el estatuto es campo ocupado por el C\u00f3digo de Quiebras de Estados Unidos. Seg\u00fan la opini\u00f3n del juez Francisco [&hellip;]<\/p>\n","protected":false},"author":3,"featured_media":0,"comment_status":"open","ping_status":"open","sticky":false,"template":"","format":"standard","meta":{"footnotes":""},"categories":[23],"tags":[],"class_list":["post-255342","post","type-post","status-publish","format-standard","hentry","category-internacional"],"_links":{"self":[{"href":"https:\/\/diariodominicano.com\/index.php?rest_route=\/wp\/v2\/posts\/255342","targetHints":{"allow":["GET"]}}],"collection":[{"href":"https:\/\/diariodominicano.com\/index.php?rest_route=\/wp\/v2\/posts"}],"about":[{"href":"https:\/\/diariodominicano.com\/index.php?rest_route=\/wp\/v2\/types\/post"}],"author":[{"embeddable":true,"href":"https:\/\/diariodominicano.com\/index.php?rest_route=\/wp\/v2\/users\/3"}],"replies":[{"embeddable":true,"href":"https:\/\/diariodominicano.com\/index.php?rest_route=%2Fwp%2Fv2%2Fcomments&post=255342"}],"version-history":[{"count":0,"href":"https:\/\/diariodominicano.com\/index.php?rest_route=\/wp\/v2\/posts\/255342\/revisions"}],"wp:attachment":[{"href":"https:\/\/diariodominicano.com\/index.php?rest_route=%2Fwp%2Fv2%2Fmedia&parent=255342"}],"wp:term":[{"taxonomy":"category","embeddable":true,"href":"https:\/\/diariodominicano.com\/index.php?rest_route=%2Fwp%2Fv2%2Fcategories&post=255342"},{"taxonomy":"post_tag","embeddable":true,"href":"https:\/\/diariodominicano.com\/index.php?rest_route=%2Fwp%2Fv2%2Ftags&post=255342"}],"curies":[{"name":"wp","href":"https:\/\/api.w.org\/{rel}","templated":true}]}}