{"id":255341,"date":"2015-02-07T00:25:28","date_gmt":"2015-02-07T00:25:28","guid":{"rendered":"http:\/\/diariodominicano.ddns.net\/?p=255341"},"modified":"2015-02-07T00:25:28","modified_gmt":"2015-02-07T00:25:28","slug":"sp-rebaja-calificacion-crediticia-de-grecia","status":"publish","type":"post","link":"https:\/\/diariodominicano.com\/?p=255341","title":{"rendered":"S&amp;P REBAJA CALIFICACI\u00d3N CREDITICIA DE GRECIA"},"content":{"rendered":"<p><body><\/p>\n<p><img decoding=\"async\" src=\"img3\/degrecia00.jpg\" \/>  <\/p>\n<p><span class=\"text1noticias\">POR DEREK GATOPOULOS Y PAN PYLAS <\/span><\/p>\n<p><span class=\"text1noticias\">ASSOCIATED PRESS<\/span><\/p>\n<\/p>\n<p><span class=\"text1noticias\">AP Photo<\/span><\/p>\n<p><span class=\"text1noticias\">AP Photo\/Petros Giannakouris<\/span><\/p>\n<\/p>\n<\/p>\n<p><span class=\"text1noticias\">ATENAS,  (AP) &#8212; La presi\u00f3n sobre el nuevo gobierno de Grecia para lograr un acuerdo con los acreedores que lo rescataron se intensific\u00f3 el viernes cuando la agencia calificadora Standard &amp; Poor&#8217;s acerc\u00f3 a\u00fan m\u00e1s la calificaci\u00f3n crediticia del pa\u00eds al estatus de basura y advirti\u00f3 sobre su posible salida de la eurozona conformada por 19 naciones.<\/span><\/p>\n<\/p>\n<p><span class=\"text1noticias\">La agencia rebaj\u00f3 un escal\u00f3n la calificaci\u00f3n a largo plazo de Grecia a \u00abB-\u00bb y alert\u00f3 sobre su baja disponibilidad de efectivo. Pero el gobierno griego, con apenas dos semanas en el poder, insiste en que no renunciar\u00e1 a las demandas de reajustar los acuerdos del rescate financiero del pa\u00eds y poner fin a a\u00f1os de austeridad.<\/span><\/p>\n<\/p>\n<p><span class=\"text1noticias\">El primer ministro Alexis Tsipras se reuni\u00f3 el viernes con los m\u00e1ximos funcionarios de Finanzas de Grecia, que dijeron que el nuevo gobierno no incumplir\u00e1 su promesa de campa\u00f1a de renegociar el acuerdo del rescate.<\/span><\/p>\n<\/p>\n<p><span class=\"text1noticias\">\u00abResulta claro que el gobierno seguir\u00e1 comprometido a la evidente encomienda que ha recibido de los votantes y no aceptar\u00e1 una extensi\u00f3n del rescate catastr\u00f3fico y sin porvenir\u00bb, indic\u00f3 un alto funcionario griego que pidi\u00f3 no ser identificado dado que las negociaciones con los funcionarios europeos siguen en curso.<\/span><\/p>\n<\/p>\n<p><span class=\"text1noticias\">Aun as\u00ed, desde que el partido de izquierda Syriza asumi\u00f3 el poder tras las elecciones del 25 de enero, ha hecho poco para que los acreedores del plan de rescate de Grecia acepten cambiar el rumbo. El ministro de Finanzas, Yanis Varoufakis, emprendi\u00f3 una gira con paradas obligatorias en capitales europeas en un intento por reajustar los t\u00e9rminos y condiciones del rescate, pero todav\u00eda no ha surgido nada en concreto.<\/span><\/p>\n<\/p>\n<p><span class=\"text1noticias\">A cambio de dinero en efectivo como parte del rescate financiero de sus socios en la eurozona y el Fondo Monetario Internacional, gobiernos griegos sucesivos tuvieron que imponer una serie de recortes de gastos y aumentos de impuestos que han sofocado la econom\u00eda del pa\u00eds. Si bien la econom\u00eda griega ha emergido de una brutal recesi\u00f3n de seis a\u00f1os, el pa\u00eds contin\u00faa atosigado por sus deudas, que se mantienen sobre 170% del PIB anual de Grecia.<\/span><\/p>\n<\/p>\n<p><span class=\"text1noticias\">Varoufakis espera lograr un mayor avance el mi\u00e9rcoles en una reuni\u00f3n especial de los 19 ministros de Finanzas de la eurozona, que fue solicitada el viernes por Jeroen Dijsselbloem, el presidente del llamado Eurogrupo, para discutir la deuda de Grecia.<\/span><\/p>\n<\/p>\n<p><span class=\"text1noticias\">\u00a9 2015, La Prensa Asociada.<\/span><\/p>\n<\/p>\n<\/p>\n<h6> 2015-02-07 00:25:28 <\/h6>\n<p><!--\n<link rel=\"stylesheet\" href=\"css\/bootstrap.min.css\">\n\n\n<ul class=\"pagination\">\n\t    \n\t\n\n<li >\n\t<a href='?page_no=24985'>Previous<\/a>\n\t<\/li>\n\n\n       \n    \n\n<li><a href='?page_no=1'>1<\/a><\/li>\n\n\n\n<li><a href='?page_no=2'>2<\/a><\/li>\n\n\n\n<li><a>...<\/a><\/li>\n\n\n\n<li><a href='?page_no=24984'>24984<\/a><\/li>\n\n\n\n<li><a href='?page_no=24985'>24985<\/a><\/li>\n\n\n\n<li class='active'><a>24986<\/a><\/li>\n\n\n\n<li><a href='?page_no=24987'>24987<\/a><\/li>\n\n\n\n<li><a href='?page_no=24988'>24988<\/a><\/li>\n\n\n\n<li><a>...<\/a><\/li>\n\n\n\n<li><a href='?page_no=51012'>51012<\/a><\/li>\n\n\n\n<li><a href='?page_no=51013'>51013<\/a><\/li>\n\n    \n\t\n\n<li >\n\t<a href='?page_no=24987'>Next<\/a>\n\t<\/li>\n\n\n    \n\n<li><a href='?page_no=51013'>Last &rsaquo;&rsaquo;<\/a><\/li>\n\n<\/ul>\n\n\n--><br \/>\n<\/body><\/p>\n","protected":false},"excerpt":{"rendered":"<p>POR DEREK GATOPOULOS Y PAN PYLAS ASSOCIATED PRESS AP Photo AP Photo\/Petros Giannakouris ATENAS, (AP) &#8212; La presi\u00f3n sobre el nuevo gobierno de Grecia para lograr un acuerdo con los acreedores que lo rescataron se intensific\u00f3 el viernes cuando la agencia calificadora Standard &amp; Poor&#8217;s acerc\u00f3 a\u00fan m\u00e1s la calificaci\u00f3n crediticia del pa\u00eds al estatus [&hellip;]<\/p>\n","protected":false},"author":3,"featured_media":0,"comment_status":"open","ping_status":"open","sticky":false,"template":"","format":"standard","meta":{"footnotes":""},"categories":[23],"tags":[],"class_list":["post-255341","post","type-post","status-publish","format-standard","hentry","category-internacional"],"_links":{"self":[{"href":"https:\/\/diariodominicano.com\/index.php?rest_route=\/wp\/v2\/posts\/255341","targetHints":{"allow":["GET"]}}],"collection":[{"href":"https:\/\/diariodominicano.com\/index.php?rest_route=\/wp\/v2\/posts"}],"about":[{"href":"https:\/\/diariodominicano.com\/index.php?rest_route=\/wp\/v2\/types\/post"}],"author":[{"embeddable":true,"href":"https:\/\/diariodominicano.com\/index.php?rest_route=\/wp\/v2\/users\/3"}],"replies":[{"embeddable":true,"href":"https:\/\/diariodominicano.com\/index.php?rest_route=%2Fwp%2Fv2%2Fcomments&post=255341"}],"version-history":[{"count":0,"href":"https:\/\/diariodominicano.com\/index.php?rest_route=\/wp\/v2\/posts\/255341\/revisions"}],"wp:attachment":[{"href":"https:\/\/diariodominicano.com\/index.php?rest_route=%2Fwp%2Fv2%2Fmedia&parent=255341"}],"wp:term":[{"taxonomy":"category","embeddable":true,"href":"https:\/\/diariodominicano.com\/index.php?rest_route=%2Fwp%2Fv2%2Fcategories&post=255341"},{"taxonomy":"post_tag","embeddable":true,"href":"https:\/\/diariodominicano.com\/index.php?rest_route=%2Fwp%2Fv2%2Ftags&post=255341"}],"curies":[{"name":"wp","href":"https:\/\/api.w.org\/{rel}","templated":true}]}}