{"id":255339,"date":"2015-02-07T11:07:15","date_gmt":"2015-02-07T11:07:15","guid":{"rendered":"http:\/\/diariodominicano.ddns.net\/?p=255339"},"modified":"2015-02-07T11:07:15","modified_gmt":"2015-02-07T11:07:15","slug":"el-papa-francisco-hablara-ante-el-congreso-de-ee-uu-el-24-de-septiembre","status":"publish","type":"post","link":"https:\/\/diariodominicano.com\/?p=255339","title":{"rendered":"El papa Francisco hablar\u00e1 ante el Congreso de EE.UU. el 24 de septiembre"},"content":{"rendered":"<p><body><\/p>\n<p><img decoding=\"async\" src=\"img3\/papa 7.jpg\" \/>  <\/p>\n<p>Washington,DC 7 febrero &#8211; El papa Francisco se dirigir\u00e1 al Congreso de EE.UU. en una sesi\u00f3n conjunta de sus dos c\u00e1maras el pr\u00f3ximo 24 de septiembre, inform\u00f3 hoy el presidente de la C\u00e1mara de Representantes, el republicano John Boehner.<\/p>\n<\/p>\n<p>En su cuenta de la red social Twitter, Boehner subray\u00f3 que ser\u00e1 el primer Pont\u00edfice en ofrecer un discurso en el Capitolio estadounidense.<\/p>\n<\/p>\n<p>\u00abSer\u00e1 una visita hist\u00f3rica y estamos verdaderamente agradecidos de que el papa Francisco haya aceptado nuestra invitaci\u00f3n\u00bb, explic\u00f3 en una breve nota el legislador.<\/p>\n<\/p>\n<p>En marzo pasado, Boehner, y la l\u00edder de la minor\u00eda dem\u00f3crata en la C\u00e1mara baja, Nancy Pelosi, invitaron formalmente al papa Francisco a la sede del Legislativo estadounidense.<\/p>\n<\/p>\n<p>\u00abEn un momento de agitaci\u00f3n global, el mensaje del Santo Padre de compasi\u00f3n y dignidad humana ha emocionado a gentes de todas las creencias y or\u00edgenes. Sus ense\u00f1anzas, oraciones y su propio ejemplo nos recuerdan las bendiciones de las cosas sencillas y nuestras obligaciones con el pr\u00f3jimo\u00bb, agreg\u00f3 Boehner.<\/p>\n<\/p>\n<p>La visita del l\u00edder de la Iglesia cat\u00f3lica se enmarca en una gira estadounidense en septiembre pr\u00f3ximo, que lo llevar\u00e1 a participar en la Jornada Mundial de la Familia en Filadelfia, y a hablar en Nueva York en la sede de las Naciones Unidas con motivo de la Asamblea General del organismo.<\/p>\n<\/p>\n<p>Adem\u00e1s, est\u00e1 previsto que el papa Francisco ofrezca en Washington una misa por la canonizaci\u00f3n del misionero espa\u00f1ol Jun\u00edpero Serra, fundador de varias misiones en California.<\/p>\n<\/p>\n<h6> 2015-02-07 11:07:15 <\/h6>\n<p><!--\n<link rel=\"stylesheet\" href=\"css\/bootstrap.min.css\">\n\n\n<ul class=\"pagination\">\n\t    \n\t\n\n<li >\n\t<a href='?page_no=24983'>Previous<\/a>\n\t<\/li>\n\n\n       \n    \n\n<li><a href='?page_no=1'>1<\/a><\/li>\n\n\n\n<li><a href='?page_no=2'>2<\/a><\/li>\n\n\n\n<li><a>...<\/a><\/li>\n\n\n\n<li><a href='?page_no=24982'>24982<\/a><\/li>\n\n\n\n<li><a href='?page_no=24983'>24983<\/a><\/li>\n\n\n\n<li class='active'><a>24984<\/a><\/li>\n\n\n\n<li><a href='?page_no=24985'>24985<\/a><\/li>\n\n\n\n<li><a href='?page_no=24986'>24986<\/a><\/li>\n\n\n\n<li><a>...<\/a><\/li>\n\n\n\n<li><a href='?page_no=51012'>51012<\/a><\/li>\n\n\n\n<li><a href='?page_no=51013'>51013<\/a><\/li>\n\n    \n\t\n\n<li >\n\t<a href='?page_no=24985'>Next<\/a>\n\t<\/li>\n\n\n    \n\n<li><a href='?page_no=51013'>Last &rsaquo;&rsaquo;<\/a><\/li>\n\n<\/ul>\n\n\n--><br \/>\n<\/body><\/p>\n","protected":false},"excerpt":{"rendered":"<p>Washington,DC 7 febrero &#8211; El papa Francisco se dirigir\u00e1 al Congreso de EE.UU. en una sesi\u00f3n conjunta de sus dos c\u00e1maras el pr\u00f3ximo 24 de septiembre, inform\u00f3 hoy el presidente de la C\u00e1mara de Representantes, el republicano John Boehner. En su cuenta de la red social Twitter, Boehner subray\u00f3 que ser\u00e1 el primer Pont\u00edfice en [&hellip;]<\/p>\n","protected":false},"author":3,"featured_media":0,"comment_status":"open","ping_status":"open","sticky":false,"template":"","format":"standard","meta":{"footnotes":""},"categories":[23],"tags":[],"class_list":["post-255339","post","type-post","status-publish","format-standard","hentry","category-internacional"],"_links":{"self":[{"href":"https:\/\/diariodominicano.com\/index.php?rest_route=\/wp\/v2\/posts\/255339","targetHints":{"allow":["GET"]}}],"collection":[{"href":"https:\/\/diariodominicano.com\/index.php?rest_route=\/wp\/v2\/posts"}],"about":[{"href":"https:\/\/diariodominicano.com\/index.php?rest_route=\/wp\/v2\/types\/post"}],"author":[{"embeddable":true,"href":"https:\/\/diariodominicano.com\/index.php?rest_route=\/wp\/v2\/users\/3"}],"replies":[{"embeddable":true,"href":"https:\/\/diariodominicano.com\/index.php?rest_route=%2Fwp%2Fv2%2Fcomments&post=255339"}],"version-history":[{"count":0,"href":"https:\/\/diariodominicano.com\/index.php?rest_route=\/wp\/v2\/posts\/255339\/revisions"}],"wp:attachment":[{"href":"https:\/\/diariodominicano.com\/index.php?rest_route=%2Fwp%2Fv2%2Fmedia&parent=255339"}],"wp:term":[{"taxonomy":"category","embeddable":true,"href":"https:\/\/diariodominicano.com\/index.php?rest_route=%2Fwp%2Fv2%2Fcategories&post=255339"},{"taxonomy":"post_tag","embeddable":true,"href":"https:\/\/diariodominicano.com\/index.php?rest_route=%2Fwp%2Fv2%2Ftags&post=255339"}],"curies":[{"name":"wp","href":"https:\/\/api.w.org\/{rel}","templated":true}]}}