{"id":255338,"date":"2015-02-07T11:12:55","date_gmt":"2015-02-07T11:12:55","guid":{"rendered":"http:\/\/diariodominicano.ddns.net\/?p=255338"},"modified":"2015-02-07T11:12:55","modified_gmt":"2015-02-07T11:12:55","slug":"agencia-de-viajes-de-ee-uu-tendra-vuelos-de-nueva-york-a-la-habana","status":"publish","type":"post","link":"https:\/\/diariodominicano.com\/?p=255338","title":{"rendered":"&#13;Agencia de viajes de EE.UU. tendr\u00e1 vuelos de Nueva York a La Habana"},"content":{"rendered":"<p><body><\/p>\n<p><img decoding=\"async\" src=\"img3\/bici 7.jpg\" \/>  <\/p>\n<p>Miami (EE.UU.), 7 febrero .- La agencia de viajes estadounidense Cuban Travel Services (CTS) anunci\u00f3 que ofrecer\u00e1 un vuelo semanal desde Nueva York (EE.UU.) con destino a La Habana (Cuba) a partir del pr\u00f3ximo 17 de marzo, inform\u00f3 hoy Business Insider.<\/p>\n<\/p>\n<p>La compa\u00f1\u00eda tur\u00edstica explic\u00f3 que el vuelo ser\u00e1 en un Boeing 737-800 que rentar\u00e1 a la aerol\u00ednea estadounidense Sun Country y que saldr\u00e1 del aeropuerto internacional JFK, en Nueva York.<\/p>\n<\/p>\n<p>CTS precis\u00f3 que ofrecer\u00e1n dos tarifas \u00fanicas: 849 d\u00f3lares ida y vuelta, y 1.334 d\u00f3lares si es clase ejecutiva.<\/p>\n<\/p>\n<p>El vuelo se suma a otros servicios ch\u00e1rter que parten del sur de Florida hacia la isla caribe\u00f1a por costos que oscilan entre los 400 y 450 d\u00f3lares.<\/p>\n<\/p>\n<p>Las medidas tomadas este a\u00f1o por el Gobierno estadounidense, que suavizan las restricciones para que los estadounidenses viajen a Cuba, hacen prever m\u00e1s opciones de viajes y m\u00e1s pasajeros, adem\u00e1s de negocios de empresas de telecomunicaciones y financieras de Estados Unidos con Cuba.<\/p>\n<\/p>\n<p>La nuevas normas forman parte de los acercamientos entre ambos gobiernos, que ya tuvieron hace dos semanas reuniones en La Habana, en las que trataron los temas de inmigraci\u00f3n y el establecimiento de embajadas en Cuba y Estados Unidos como parte de la nueva pol\u00edtica estadounidense hacia la isla<\/p>\n<h6> 2015-02-07 11:12:55 <\/h6>\n<p><!--\n<link rel=\"stylesheet\" href=\"css\/bootstrap.min.css\">\n\n\n<ul class=\"pagination\">\n\t    \n\t\n\n<li >\n\t<a href='?page_no=24982'>Previous<\/a>\n\t<\/li>\n\n\n       \n    \n\n<li><a href='?page_no=1'>1<\/a><\/li>\n\n\n\n<li><a href='?page_no=2'>2<\/a><\/li>\n\n\n\n<li><a>...<\/a><\/li>\n\n\n\n<li><a href='?page_no=24981'>24981<\/a><\/li>\n\n\n\n<li><a href='?page_no=24982'>24982<\/a><\/li>\n\n\n\n<li class='active'><a>24983<\/a><\/li>\n\n\n\n<li><a href='?page_no=24984'>24984<\/a><\/li>\n\n\n\n<li><a href='?page_no=24985'>24985<\/a><\/li>\n\n\n\n<li><a>...<\/a><\/li>\n\n\n\n<li><a href='?page_no=51012'>51012<\/a><\/li>\n\n\n\n<li><a href='?page_no=51013'>51013<\/a><\/li>\n\n    \n\t\n\n<li >\n\t<a href='?page_no=24984'>Next<\/a>\n\t<\/li>\n\n\n    \n\n<li><a href='?page_no=51013'>Last &rsaquo;&rsaquo;<\/a><\/li>\n\n<\/ul>\n\n\n--><br \/>\n<\/body><\/p>\n","protected":false},"excerpt":{"rendered":"<p>Miami (EE.UU.), 7 febrero .- La agencia de viajes estadounidense Cuban Travel Services (CTS) anunci\u00f3 que ofrecer\u00e1 un vuelo semanal desde Nueva York (EE.UU.) con destino a La Habana (Cuba) a partir del pr\u00f3ximo 17 de marzo, inform\u00f3 hoy Business Insider. La compa\u00f1\u00eda tur\u00edstica explic\u00f3 que el vuelo ser\u00e1 en un Boeing 737-800 que rentar\u00e1 [&hellip;]<\/p>\n","protected":false},"author":3,"featured_media":0,"comment_status":"open","ping_status":"open","sticky":false,"template":"","format":"standard","meta":{"footnotes":""},"categories":[23],"tags":[],"class_list":["post-255338","post","type-post","status-publish","format-standard","hentry","category-internacional"],"_links":{"self":[{"href":"https:\/\/diariodominicano.com\/index.php?rest_route=\/wp\/v2\/posts\/255338","targetHints":{"allow":["GET"]}}],"collection":[{"href":"https:\/\/diariodominicano.com\/index.php?rest_route=\/wp\/v2\/posts"}],"about":[{"href":"https:\/\/diariodominicano.com\/index.php?rest_route=\/wp\/v2\/types\/post"}],"author":[{"embeddable":true,"href":"https:\/\/diariodominicano.com\/index.php?rest_route=\/wp\/v2\/users\/3"}],"replies":[{"embeddable":true,"href":"https:\/\/diariodominicano.com\/index.php?rest_route=%2Fwp%2Fv2%2Fcomments&post=255338"}],"version-history":[{"count":0,"href":"https:\/\/diariodominicano.com\/index.php?rest_route=\/wp\/v2\/posts\/255338\/revisions"}],"wp:attachment":[{"href":"https:\/\/diariodominicano.com\/index.php?rest_route=%2Fwp%2Fv2%2Fmedia&parent=255338"}],"wp:term":[{"taxonomy":"category","embeddable":true,"href":"https:\/\/diariodominicano.com\/index.php?rest_route=%2Fwp%2Fv2%2Fcategories&post=255338"},{"taxonomy":"post_tag","embeddable":true,"href":"https:\/\/diariodominicano.com\/index.php?rest_route=%2Fwp%2Fv2%2Ftags&post=255338"}],"curies":[{"name":"wp","href":"https:\/\/api.w.org\/{rel}","templated":true}]}}