{"id":255337,"date":"2015-02-07T11:15:44","date_gmt":"2015-02-07T11:15:44","guid":{"rendered":"http:\/\/diariodominicano.ddns.net\/?p=255337"},"modified":"2015-02-07T11:15:44","modified_gmt":"2015-02-07T11:15:44","slug":"bill-clinton-pide-perdon-a-mexico-por-responsabilidad-de-eeuu-en-narcotrafico","status":"publish","type":"post","link":"https:\/\/diariodominicano.com\/?p=255337","title":{"rendered":"Bill Clinton pide perd\u00f3n a M\u00e9xico por responsabilidad de EEUU en narcotr\u00e1fico"},"content":{"rendered":"<p><body><\/p>\n<p><img decoding=\"async\" src=\"img3\/bill 7.jpg\" \/>  <\/p>\n<p>M\u00e9xico, DF 7 febrero .- El expresidente estadounidense Bill Clinton (1993-2001) pidi\u00f3 hoy perd\u00f3n a M\u00e9xico por su responsabilidad en el tr\u00e1fico de drogas que sufre este pa\u00eds, tras la lucha que emprendi\u00f3 en su mandato para evitar el trasiego a\u00e9reo y mar\u00edtimo.<\/p>\n<\/p>\n<p>\u00abUstedes tienen todo lo que necesitan. Desear\u00eda que no tuvieran narcotr\u00e1fico, pero no es su responsabilidad. Nosotros dirigimos el transporte (de droga) fuera del aire y del agua y entonces todo se dio por tierra y yo me disculpo por ello\u00bb, dijo el pol\u00edtico.<\/p>\n<\/p>\n<p>Clinton, quien gobern\u00f3 Estados Unidos en dos per\u00edodos, de 1993 a a 2001, particip\u00f3 hoy en la capital mexicana en la cumbre \u00abJuventud y Productividad\u00bb organizada por Laureate, una red de instituciones educativas del sector privado de la que es presidente honorario.<\/p>\n<\/p>\n<p>\u00abQuisiera que no tuvieran problemas, pero todo el mundo tiene problemas y no hay que olvidar sus aspectos positivos, sus activos\u00bb, se\u00f1al\u00f3 el exmandatario.<\/p>\n<\/p>\n<p>M\u00e9xico es un pa\u00eds en el que \u00abno hay nada que no puedan hacer\u00bb, anim\u00f3 a los participantes. <\/p>\n<\/p>\n<h6> 2015-02-07 11:15:44 <\/h6>\n<p><!--\n<link rel=\"stylesheet\" href=\"css\/bootstrap.min.css\">\n\n\n<ul class=\"pagination\">\n\t    \n\t\n\n<li >\n\t<a href='?page_no=24981'>Previous<\/a>\n\t<\/li>\n\n\n       \n    \n\n<li><a href='?page_no=1'>1<\/a><\/li>\n\n\n\n<li><a href='?page_no=2'>2<\/a><\/li>\n\n\n\n<li><a>...<\/a><\/li>\n\n\n\n<li><a href='?page_no=24980'>24980<\/a><\/li>\n\n\n\n<li><a href='?page_no=24981'>24981<\/a><\/li>\n\n\n\n<li class='active'><a>24982<\/a><\/li>\n\n\n\n<li><a href='?page_no=24983'>24983<\/a><\/li>\n\n\n\n<li><a href='?page_no=24984'>24984<\/a><\/li>\n\n\n\n<li><a>...<\/a><\/li>\n\n\n\n<li><a href='?page_no=51012'>51012<\/a><\/li>\n\n\n\n<li><a href='?page_no=51013'>51013<\/a><\/li>\n\n    \n\t\n\n<li >\n\t<a href='?page_no=24983'>Next<\/a>\n\t<\/li>\n\n\n    \n\n<li><a href='?page_no=51013'>Last &rsaquo;&rsaquo;<\/a><\/li>\n\n<\/ul>\n\n\n--><br \/>\n<\/body><\/p>\n","protected":false},"excerpt":{"rendered":"<p>M\u00e9xico, DF 7 febrero .- El expresidente estadounidense Bill Clinton (1993-2001) pidi\u00f3 hoy perd\u00f3n a M\u00e9xico por su responsabilidad en el tr\u00e1fico de drogas que sufre este pa\u00eds, tras la lucha que emprendi\u00f3 en su mandato para evitar el trasiego a\u00e9reo y mar\u00edtimo. \u00abUstedes tienen todo lo que necesitan. Desear\u00eda que no tuvieran narcotr\u00e1fico, pero [&hellip;]<\/p>\n","protected":false},"author":3,"featured_media":0,"comment_status":"open","ping_status":"open","sticky":false,"template":"","format":"standard","meta":{"footnotes":""},"categories":[23],"tags":[],"class_list":["post-255337","post","type-post","status-publish","format-standard","hentry","category-internacional"],"_links":{"self":[{"href":"https:\/\/diariodominicano.com\/index.php?rest_route=\/wp\/v2\/posts\/255337","targetHints":{"allow":["GET"]}}],"collection":[{"href":"https:\/\/diariodominicano.com\/index.php?rest_route=\/wp\/v2\/posts"}],"about":[{"href":"https:\/\/diariodominicano.com\/index.php?rest_route=\/wp\/v2\/types\/post"}],"author":[{"embeddable":true,"href":"https:\/\/diariodominicano.com\/index.php?rest_route=\/wp\/v2\/users\/3"}],"replies":[{"embeddable":true,"href":"https:\/\/diariodominicano.com\/index.php?rest_route=%2Fwp%2Fv2%2Fcomments&post=255337"}],"version-history":[{"count":0,"href":"https:\/\/diariodominicano.com\/index.php?rest_route=\/wp\/v2\/posts\/255337\/revisions"}],"wp:attachment":[{"href":"https:\/\/diariodominicano.com\/index.php?rest_route=%2Fwp%2Fv2%2Fmedia&parent=255337"}],"wp:term":[{"taxonomy":"category","embeddable":true,"href":"https:\/\/diariodominicano.com\/index.php?rest_route=%2Fwp%2Fv2%2Fcategories&post=255337"},{"taxonomy":"post_tag","embeddable":true,"href":"https:\/\/diariodominicano.com\/index.php?rest_route=%2Fwp%2Fv2%2Ftags&post=255337"}],"curies":[{"name":"wp","href":"https:\/\/api.w.org\/{rel}","templated":true}]}}