{"id":255336,"date":"2015-02-07T21:07:43","date_gmt":"2015-02-07T21:07:43","guid":{"rendered":"http:\/\/diariodominicano.ddns.net\/?p=255336"},"modified":"2015-02-07T21:07:43","modified_gmt":"2015-02-07T21:07:43","slug":"presidente-maduro-rechaza-nueva-conspiracion-de-eeuu-contra-venezuela","status":"publish","type":"post","link":"https:\/\/diariodominicano.com\/?p=255336","title":{"rendered":"Presidente Maduro rechaza nueva \u00abconspiraci\u00f3n\u00bb de EEUU contra Venezuela"},"content":{"rendered":"<p><body><\/p>\n<p><img decoding=\"async\" src=\"img3\/venezuelat.jpg\" \/>  <\/p>\n<p><span class=\"text1noticias\">ARACAS, 7 feb (Xinhua) &#8212; El presidente Nicol\u00e1s Maduro rechaz\u00f3 hoy s\u00e1bado la nueva \u00abconspiraci\u00f3n injerencista\u00bb del gobierno de Estados Unidos, la cual a su juicio pretende utilizar la Carta Democr\u00e1tica Interamericana para justificar una eventual intervenci\u00f3n en Venezuela.<\/span><\/p>\n<p><span class=\"text1noticias\"> <\/span><\/p>\n<p><span class=\"text1noticias\">Durante una transmisi\u00f3n televisiva desde el palacio presidencial de Miraflores en Caracas, el jefe de Estado venezolano exhort\u00f3 a su colega estadounidense Barack Obama rectificar la actitud asumida contra su gesti\u00f3n y a respetar la soberan\u00eda nacional.<\/span><\/p>\n<p><span class=\"text1noticias\"> <\/span><\/p>\n<p><span class=\"text1noticias\">\u00abRechazo el documento de Estrategia de Seguridad Nacional del gobierno de Estados Unidos, por ser un escrito de car\u00e1cter intervencionista, y ratifico mi llamado de urgencia a los gobiernos y pueblos de Am\u00e9rica Latina para apoyar al gobierno y pueblo de Venezuela\u00bb, destac\u00f3 el mandatario.<\/span><\/p>\n<p><span class=\"text1noticias\"> <\/span><\/p>\n<p><span class=\"text1noticias\">Maduro detall\u00f3 que el informe, presentado p\u00fablicamente el viernes por el presidente Obama, indica que Washington apoyar\u00e1 \u00aba los ciudadanos de pa\u00edses donde el pleno ejercicio de la democracia est\u00e1 en riesgo, como en Venezuela\u00bb.<\/span><\/p>\n<p><span class=\"text1noticias\"> <\/span><\/p>\n<p><span class=\"text1noticias\">En el texto el gobierno de Washington se\u00f1ala que \u00abaunque algunos pa\u00edses en la regi\u00f3n contin\u00faan atrapados en viejos debates ideol\u00f3gicos, seguiremos (Estados Unidos) trabajando con todos los gobiernos que est\u00e9n interesados en cooperar con nosotros de maneras pr\u00e1cticas para reforzar los principios de la Carta Democr\u00e1tica Interamericana\u00bb.<\/span><\/p>\n<p><span class=\"text1noticias\"> <\/span><\/p>\n<p><span class=\"text1noticias\">En opini\u00f3n de Maduro, la Carta Democr\u00e1tica Interamericana, aprobada en 2001 por la Asamblea de la Organizaci\u00f3n de Estados Americanos (OEA), se perfila como la v\u00eda para respaldar una intervenci\u00f3n en Caracas.  <\/span><\/p>\n<p><span class=\"text1noticias\"> <\/span><\/p>\n<p><span class=\"text1noticias\">Por tal motivo anunci\u00f3 que en los pr\u00f3ximos d\u00edas dirigir\u00e1 una carta al presidente estadounidense, con la finalidad de exponerle la posici\u00f3n del pueblo \u00abdigno e independiente\u00bb de Venezuela.<\/span><\/p>\n<p><span class=\"text1noticias\"> <\/span><\/p>\n<p><span class=\"text1noticias\"> \u00abEl presidente Obama dice cosas muy preocupantes y califica a Venezuela como una amenaza\u00bb, enfatiz\u00f3.<\/span><\/p>\n<p><span class=\"text1noticias\"> <\/span><\/p>\n<p><span class=\"text1noticias\"> Maduro afirm\u00f3 que siente respeto por Obama y por Estados Unidos como pa\u00eds, por eso exigi\u00f3 un tratamiento rec\u00edproco y pidi\u00f3 a su colega no dar cr\u00e9dito a los \u00ablobbies\u00bb (cabildeos) preparados por sectores ultraderechistas que \u00abmanipulan la realidad\u00bb y buscan justificar actos de injerencia contra estados independientes del mundo.<\/span><\/p>\n<p><span class=\"text1noticias\"> <\/span><\/p>\n<p><span class=\"text1noticias\">El jefe de Estado convoc\u00f3 tambi\u00e9n al pueblo venezolano a \u00abla m\u00e1xima conciencia\u00bb para vencer las conspiraciones y advirti\u00f3 a la oposici\u00f3n local que no permitir\u00e1 ninguna manifestaci\u00f3n de violencia en la naci\u00f3n sudamericana.<\/span><\/p>\n<p><span class=\"text1noticias\"> <\/span><\/p>\n<p><span class=\"text1noticias\"> Maduro reiter\u00f3 que el contexto regional es muy distinto al de d\u00e9cadas pasadas.<\/span><\/p>\n<p><span class=\"text1noticias\"> \u00abAm\u00e9rica Latina ya no es el patio trasero de Estados Unidos y Venezuela ya no es la factor\u00eda petrolera\u00bb de anta\u00f1o, afirm\u00f3.<\/span><\/p>\n<p><span class=\"text1noticias\"> <\/span><\/p>\n<p><span class=\"text1noticias\">En la actualidad existen organizaciones regionales que responden a los intereses de los pa\u00edses del \u00e1rea como es el caso de la Comunidad de Estados Latinoamericanos y Caribe\u00f1os (CELAC), la Uni\u00f3n de Naciones Suramericanas (Unasur) y la Alianza Bolivariana para los Pueblos de Nuestra Am\u00e9rica (Alba), ejemplific\u00f3 el dignatario.<\/span><\/p>\n<p><span class=\"text1noticias\"> <\/span><\/p>\n<p><span class=\"text1noticias\">\u00abPor eso busqu\u00e9 a la CELAC y a la Unasur para que act\u00faen como un escudo protector ante un golpe de Estado promovido por Estados Unidos contra el gobierno que yo presido (&#8230;) y aspiro que mis hermanos de Am\u00e9rica Latina y el Caribe nos apoyen a tiempo para desmontar las amenazas\u00bb de Washington y sus agencias contra la Venezuela de paz\u00bb, indic\u00f3.<\/span><\/p>\n<p><span class=\"text1noticias\"> <\/span><\/p>\n<p><span class=\"text1noticias\">El pr\u00f3ximo lunes en Montevideo, capital de Uruguay, se reunir\u00e1 el Consejo de Cancilleres de la Unasur y el secretario general de esa instancia, Ernesto Samper, para conocer la situaci\u00f3n de Caracas ante las m\u00e1s recientes acciones de la Casa Blanca, catalogadas por el gobierno venezolano de \u00abinjerencistas y desestab<\/span>ilizadoras\u00bb. <\/p>\n<h6> 2015-02-07 21:07:43 <\/h6>\n<p><!--\n<link rel=\"stylesheet\" href=\"css\/bootstrap.min.css\">\n\n\n<ul class=\"pagination\">\n\t    \n\t\n\n<li >\n\t<a href='?page_no=24980'>Previous<\/a>\n\t<\/li>\n\n\n       \n    \n\n<li><a href='?page_no=1'>1<\/a><\/li>\n\n\n\n<li><a href='?page_no=2'>2<\/a><\/li>\n\n\n\n<li><a>...<\/a><\/li>\n\n\n\n<li><a href='?page_no=24979'>24979<\/a><\/li>\n\n\n\n<li><a href='?page_no=24980'>24980<\/a><\/li>\n\n\n\n<li class='active'><a>24981<\/a><\/li>\n\n\n\n<li><a href='?page_no=24982'>24982<\/a><\/li>\n\n\n\n<li><a href='?page_no=24983'>24983<\/a><\/li>\n\n\n\n<li><a>...<\/a><\/li>\n\n\n\n<li><a href='?page_no=51012'>51012<\/a><\/li>\n\n\n\n<li><a href='?page_no=51013'>51013<\/a><\/li>\n\n    \n\t\n\n<li >\n\t<a href='?page_no=24982'>Next<\/a>\n\t<\/li>\n\n\n    \n\n<li><a href='?page_no=51013'>Last &rsaquo;&rsaquo;<\/a><\/li>\n\n<\/ul>\n\n\n--><br \/>\n<\/body><\/p>\n","protected":false},"excerpt":{"rendered":"<p>ARACAS, 7 feb (Xinhua) &#8212; El presidente Nicol\u00e1s Maduro rechaz\u00f3 hoy s\u00e1bado la nueva \u00abconspiraci\u00f3n injerencista\u00bb del gobierno de Estados Unidos, la cual a su juicio pretende utilizar la Carta Democr\u00e1tica Interamericana para justificar una eventual intervenci\u00f3n en Venezuela. Durante una transmisi\u00f3n televisiva desde el palacio presidencial de Miraflores en Caracas, el jefe de Estado [&hellip;]<\/p>\n","protected":false},"author":3,"featured_media":0,"comment_status":"open","ping_status":"open","sticky":false,"template":"","format":"standard","meta":{"footnotes":""},"categories":[23],"tags":[],"class_list":["post-255336","post","type-post","status-publish","format-standard","hentry","category-internacional"],"_links":{"self":[{"href":"https:\/\/diariodominicano.com\/index.php?rest_route=\/wp\/v2\/posts\/255336","targetHints":{"allow":["GET"]}}],"collection":[{"href":"https:\/\/diariodominicano.com\/index.php?rest_route=\/wp\/v2\/posts"}],"about":[{"href":"https:\/\/diariodominicano.com\/index.php?rest_route=\/wp\/v2\/types\/post"}],"author":[{"embeddable":true,"href":"https:\/\/diariodominicano.com\/index.php?rest_route=\/wp\/v2\/users\/3"}],"replies":[{"embeddable":true,"href":"https:\/\/diariodominicano.com\/index.php?rest_route=%2Fwp%2Fv2%2Fcomments&post=255336"}],"version-history":[{"count":0,"href":"https:\/\/diariodominicano.com\/index.php?rest_route=\/wp\/v2\/posts\/255336\/revisions"}],"wp:attachment":[{"href":"https:\/\/diariodominicano.com\/index.php?rest_route=%2Fwp%2Fv2%2Fmedia&parent=255336"}],"wp:term":[{"taxonomy":"category","embeddable":true,"href":"https:\/\/diariodominicano.com\/index.php?rest_route=%2Fwp%2Fv2%2Fcategories&post=255336"},{"taxonomy":"post_tag","embeddable":true,"href":"https:\/\/diariodominicano.com\/index.php?rest_route=%2Fwp%2Fv2%2Ftags&post=255336"}],"curies":[{"name":"wp","href":"https:\/\/api.w.org\/{rel}","templated":true}]}}