{"id":255335,"date":"2015-02-07T21:16:02","date_gmt":"2015-02-07T21:16:02","guid":{"rendered":"http:\/\/diariodominicano.ddns.net\/?p=255335"},"modified":"2015-02-07T21:16:02","modified_gmt":"2015-02-07T21:16:02","slug":"cubanos-esperan-fin-del-bloqueo-de-eeuu","status":"publish","type":"post","link":"https:\/\/diariodominicano.com\/?p=255335","title":{"rendered":"Cubanos esperan fin del bloqueo de EEUU"},"content":{"rendered":"<p><body><\/p>\n<p><span class=\"text1noticias\"> Por Rogelio del R\u00edo<\/span><\/p>\n<p><span class=\"text1noticias\">LA HABANA, 7 feb (Xinhua) &#8212; Los cubanos aguardan hoy esperanzados un eventual restablecimiento de v\u00ednculos diplom\u00e1ticos con Estados Unidos, el cual signifique el fin del bloqueo decretado por Washington contra la isla desde hace m\u00e1s de medio siglo.<\/span><\/p>\n<p><span class=\"text1noticias\"> <\/span><\/p>\n<p><span class=\"text1noticias\">\u00abSer\u00eda maravilloso. Ser\u00eda una alegr\u00eda para nosotros que nos quitaran el bloqueo\u00bb, dijo a Xinhua en una c\u00e9ntrica calle habanera la joven Madelaine Cede\u00f1o, quien desea que ese sea el resultado de las conversaciones que mantienen ambos gobiernos desde el mes pasado.<\/span><\/p>\n<p><span class=\"text1noticias\"> <\/span><\/p>\n<p><span class=\"text1noticias\">Cede\u00f1o no espera que esas negociaciones traigan cambios en su vida personal, pero consider\u00f3 que en general la sociedad cubana se beneficiar\u00e1 con el fin de ese bloqueo, decretado por Estados Unidos el 3 de febrero de 1962.<\/span><\/p>\n<p><span class=\"text1noticias\"> <\/span><\/p>\n<p><span class=\"text1noticias\"> \u00abTal vez haya una mejor\u00eda en el sector de la salud, porque ahora cuando se necesitan medicinas importantes hay que comprarlas en un pa\u00eds lejano porque Estados Unidos no las vende a Cuba\u00bb, afirm\u00f3 la mujer, quien es empleada estatal.<\/span><\/p>\n<p><span class=\"text1noticias\"> <\/span><\/p>\n<p><span class=\"text1noticias\">\u00abEl bloqueo nos afecta aqu\u00ed en todo (&#8230;) el transporte, la alimentaci\u00f3n, las piezas de repuesto. Es criminal lo que han hecho esta gente con nosotros\u00bb, se\u00f1al\u00f3 Humberto Montalvo, un t\u00e9cnico de audio de 50 a\u00f1os.<\/span><\/p>\n<p><span class=\"text1noticias\"> <\/span><\/p>\n<p><span class=\"text1noticias\">Montalvo estim\u00f3 que la isla se beneficiar\u00eda mucho si el Congreso estadounidense levanta las sanciones, porque \u00abtraer\u00eda por consecuencia una entrada m\u00e1s del comercio, m\u00e1s turismo en Cuba y mejorar\u00eda la econom\u00eda\u00bb.<\/span><\/p>\n<p><span class=\"text1noticias\"> <\/span><\/p>\n<p><span class=\"text1noticias\">Como Montalvo, muchos cubanos est\u00e1n esperanzados en una futura mejor\u00eda de la econom\u00eda al establecerse negocios con empresas de Estados Unidos, algo que en la actualidad proh\u00edbe la legislaci\u00f3n estadunidense.<\/span><\/p>\n<p><span class=\"text1noticias\"> <\/span><\/p>\n<p><span class=\"text1noticias\">\u00abEl comercio beneficiar\u00eda en gran parte al pueblo cubano porque al ser dos pa\u00edses que est\u00e1n muy cerca, las entradas de mercanc\u00edas ser\u00edan m\u00e1s r\u00e1pidas\u00bb, valor\u00f3 el jubilado L\u00e1zaro Garc\u00eda al referirse a los 150 kil\u00f3metros que separan a ambas naciones.<\/span><\/p>\n<p><span class=\"text1noticias\"> <\/span><\/p>\n<p><span class=\"text1noticias\">\u00abNo es lo mismo que vengan mercanc\u00edas de Europa a que vengan de Estados Unidos, que est\u00e1 mucho m\u00e1s cerca\u00bb, subray\u00f3 en referencia a la prohibici\u00f3n que tiene Cuba de acceder al mercado estadounidense.<\/span><\/p>\n<p><span class=\"text1noticias\"> <\/span><\/p>\n<p><span class=\"text1noticias\">En igual sentido se manifest\u00f3 el estudiante Rodolfo Soto, quien asegur\u00f3 que el bloqueo ha afectado a todos los cubanos porque \u00ablo que le cuesta a cualquier pa\u00eds un centavo, a nosotros nos cuesta 20 y entonces eso l\u00f3gicamente ha impedido que sea mayor el desarrollo nacional\u00bb.<\/span><\/p>\n<p><span class=\"text1noticias\"> <\/span><\/p>\n<p><span class=\"text1noticias\">Soto apost\u00f3 sin embargo por una eventual llegada masiva de turistas estadounidenses a la isla, algo que ahora est\u00e1 prohibido por las leyes de Estados Unidos.<\/span><\/p>\n<p><span class=\"text1noticias\"> <\/span><\/p>\n<p><span class=\"text1noticias\">\u00abEso va a ser una entrada de divisas en nuestro pa\u00eds y va a mejorarlo extraordinariamente\u00bb, afirm\u00f3.<\/span><\/p>\n<p><span class=\"text1noticias\">De acuerdo con expertos, la isla puede recibir de 3 a 3,5 millones de turistas estadounidenses cada a\u00f1o, aunque para ello deber\u00e1 ampliar su infraestructura hotelera, algo que est\u00e1 en los planes del Ministerio del Turismo (Mintur).<\/span><\/p>\n<p><span class=\"text1noticias\"> <\/span><\/p>\n<p><span class=\"text1noticias\">Cuba realiza inversiones para tener m\u00e1s de 85.500 capacidades hoteleras en 2020 a la altura de los est\u00e1ndares internacionales, dijo en septiembre \u00faltimo el ministro cubano de Turismo, Manuel Marrero.<\/span><\/p>\n<p><span class=\"text1noticias\"> <\/span><\/p>\n<p><span class=\"text1noticias\">Por su parte, una joven bailarina cubana identificada como Alicia Gonz\u00e1lez dijo que \u00abquiz\u00e1s la infraestructura no est\u00e1 tan preparada, pero se est\u00e1 trabajando en eso y estoy segura que van a tomar medidas para que en un momento determinado se puedan asumir grandes cantidades de turistas\u00bb,<\/span><\/p>\n<p><span class=\"text1noticias\"> <\/span><\/p>\n<p><span class=\"text1noticias\">La Habana y Washington tienen en marcha un in\u00e9dito proceso de di\u00e1logo para restablecer sus lazos diplom\u00e1ticos, rotos por la Casa Blanca en enero de 1961, pero ambas partes coinciden en que ser\u00e1 un camino largo y no exento de problemas por las diferentes pol\u00edticas que han separado a lo<\/span>s dos pa\u00edses. <\/p>\n<h6> 2015-02-07 21:16:02 <\/h6>\n<p><!--\n<link rel=\"stylesheet\" href=\"css\/bootstrap.min.css\">\n\n\n<ul class=\"pagination\">\n\t    \n\t\n\n<li >\n\t<a href='?page_no=24979'>Previous<\/a>\n\t<\/li>\n\n\n       \n    \n\n<li><a href='?page_no=1'>1<\/a><\/li>\n\n\n\n<li><a href='?page_no=2'>2<\/a><\/li>\n\n\n\n<li><a>...<\/a><\/li>\n\n\n\n<li><a href='?page_no=24978'>24978<\/a><\/li>\n\n\n\n<li><a href='?page_no=24979'>24979<\/a><\/li>\n\n\n\n<li class='active'><a>24980<\/a><\/li>\n\n\n\n<li><a href='?page_no=24981'>24981<\/a><\/li>\n\n\n\n<li><a href='?page_no=24982'>24982<\/a><\/li>\n\n\n\n<li><a>...<\/a><\/li>\n\n\n\n<li><a href='?page_no=51012'>51012<\/a><\/li>\n\n\n\n<li><a href='?page_no=51013'>51013<\/a><\/li>\n\n    \n\t\n\n<li >\n\t<a href='?page_no=24981'>Next<\/a>\n\t<\/li>\n\n\n    \n\n<li><a href='?page_no=51013'>Last &rsaquo;&rsaquo;<\/a><\/li>\n\n<\/ul>\n\n\n--><br \/>\n<\/body><\/p>\n","protected":false},"excerpt":{"rendered":"<p>Por Rogelio del R\u00edo LA HABANA, 7 feb (Xinhua) &#8212; Los cubanos aguardan hoy esperanzados un eventual restablecimiento de v\u00ednculos diplom\u00e1ticos con Estados Unidos, el cual signifique el fin del bloqueo decretado por Washington contra la isla desde hace m\u00e1s de medio siglo. \u00abSer\u00eda maravilloso. Ser\u00eda una alegr\u00eda para nosotros que nos quitaran el bloqueo\u00bb, [&hellip;]<\/p>\n","protected":false},"author":3,"featured_media":0,"comment_status":"open","ping_status":"open","sticky":false,"template":"","format":"standard","meta":{"footnotes":""},"categories":[23],"tags":[],"class_list":["post-255335","post","type-post","status-publish","format-standard","hentry","category-internacional"],"_links":{"self":[{"href":"https:\/\/diariodominicano.com\/index.php?rest_route=\/wp\/v2\/posts\/255335","targetHints":{"allow":["GET"]}}],"collection":[{"href":"https:\/\/diariodominicano.com\/index.php?rest_route=\/wp\/v2\/posts"}],"about":[{"href":"https:\/\/diariodominicano.com\/index.php?rest_route=\/wp\/v2\/types\/post"}],"author":[{"embeddable":true,"href":"https:\/\/diariodominicano.com\/index.php?rest_route=\/wp\/v2\/users\/3"}],"replies":[{"embeddable":true,"href":"https:\/\/diariodominicano.com\/index.php?rest_route=%2Fwp%2Fv2%2Fcomments&post=255335"}],"version-history":[{"count":0,"href":"https:\/\/diariodominicano.com\/index.php?rest_route=\/wp\/v2\/posts\/255335\/revisions"}],"wp:attachment":[{"href":"https:\/\/diariodominicano.com\/index.php?rest_route=%2Fwp%2Fv2%2Fmedia&parent=255335"}],"wp:term":[{"taxonomy":"category","embeddable":true,"href":"https:\/\/diariodominicano.com\/index.php?rest_route=%2Fwp%2Fv2%2Fcategories&post=255335"},{"taxonomy":"post_tag","embeddable":true,"href":"https:\/\/diariodominicano.com\/index.php?rest_route=%2Fwp%2Fv2%2Ftags&post=255335"}],"curies":[{"name":"wp","href":"https:\/\/api.w.org\/{rel}","templated":true}]}}