{"id":255334,"date":"2015-02-08T00:03:37","date_gmt":"2015-02-08T00:03:37","guid":{"rendered":"http:\/\/diariodominicano.ddns.net\/?p=255334"},"modified":"2015-02-08T00:03:37","modified_gmt":"2015-02-08T00:03:37","slug":"hillary-clinton-busca-oficina-en-nueva-york-para-instalar-la-sede-de-su-campana-electoral","status":"publish","type":"post","link":"https:\/\/diariodominicano.com\/?p=255334","title":{"rendered":"Hillary Clinton busca oficina en Nueva York para instalar la sede de su campa\u00f1a electoral"},"content":{"rendered":"<p><body><\/p>\n<p><img decoding=\"async\" src=\"img3\/hila 5.jpg\" \/><br \/><img decoding=\"async\" src=\"img3\/hila 3.jpg\" \/>  <\/p>\n<p>Nueva York 8 febrero.- La ex secretaria de Estado de EE.UU. Hillary Clinton est\u00e1 a la b\u00fasqueda de oficinas en Nueva York para instalar la sede de su campa\u00f1a presidencial, inform\u00f3 ayer el diario Daily News.<\/p>\n<\/p>\n<p>Seg\u00fan el peri\u00f3dico, Clinton tiene intenci\u00f3n de alquilar un gran espacio de unos 100.000 pies cuadrados (casi 9.300 metros cuadrados), lo que equivaldr\u00eda, por ejemplo, a tres pisos completos del nuevo 1 World Trade Center, el gran rascacielos levantado en el espacio dejado por las Torres Gemelas.<\/p>\n<\/p>\n<p>El equipo de la ex primera dama, sin embargo, habr\u00eda descartado por ahora Manhattan y estar\u00eda centrando su b\u00fasqueda en los distritos de Queens y Brooklyn.<\/p>\n<\/p>\n<p>En concreto, seg\u00fan el Daily News, se ha interesado por espacios en edificios del revitalizado centro de Brooklyn y en el barrio de Long Island City, situado en Queens a orillas del East River.<\/p>\n<\/p>\n<p>A pesar de que Clinton a\u00fan no ha confirmado oficialmente su candidatura a la Casa Blanca, en todo el pa\u00eds se da por hecho que competir\u00e1 por ser la opci\u00f3n dem\u00f3crata en las elecciones de 2016.<\/p>\n<\/p>\n<p>Seg\u00fan las \u00faltimas informaciones, Clinton est\u00e1 considerando aplazar el anuncio sobre su candidatura hasta julio para tener m\u00e1s tiempo para desarrollar el mensaje y la organizaci\u00f3n de la campa\u00f1a.<\/p>\n<\/p>\n<p>La exjefa de la pol\u00edtica exterior estadounidense vive desde hace a\u00f1os a las afueras de Nueva York, en la localidad de Chappaqua, y la fundaci\u00f3n que encabeza junto a su marido y su hija tiene su sede en la Gran Manzana, en el barrio de Harlem.<\/p>\n<h6> 2015-02-08 00:03:37 <\/h6>\n<p><!--\n<link rel=\"stylesheet\" href=\"css\/bootstrap.min.css\">\n\n\n<ul class=\"pagination\">\n\t    \n\t\n\n<li >\n\t<a href='?page_no=24978'>Previous<\/a>\n\t<\/li>\n\n\n       \n    \n\n<li><a href='?page_no=1'>1<\/a><\/li>\n\n\n\n<li><a href='?page_no=2'>2<\/a><\/li>\n\n\n\n<li><a>...<\/a><\/li>\n\n\n\n<li><a href='?page_no=24977'>24977<\/a><\/li>\n\n\n\n<li><a href='?page_no=24978'>24978<\/a><\/li>\n\n\n\n<li class='active'><a>24979<\/a><\/li>\n\n\n\n<li><a href='?page_no=24980'>24980<\/a><\/li>\n\n\n\n<li><a href='?page_no=24981'>24981<\/a><\/li>\n\n\n\n<li><a>...<\/a><\/li>\n\n\n\n<li><a href='?page_no=51012'>51012<\/a><\/li>\n\n\n\n<li><a href='?page_no=51013'>51013<\/a><\/li>\n\n    \n\t\n\n<li >\n\t<a href='?page_no=24980'>Next<\/a>\n\t<\/li>\n\n\n    \n\n<li><a href='?page_no=51013'>Last &rsaquo;&rsaquo;<\/a><\/li>\n\n<\/ul>\n\n\n--><br \/>\n<\/body><\/p>\n","protected":false},"excerpt":{"rendered":"<p>Nueva York 8 febrero.- La ex secretaria de Estado de EE.UU. Hillary Clinton est\u00e1 a la b\u00fasqueda de oficinas en Nueva York para instalar la sede de su campa\u00f1a presidencial, inform\u00f3 ayer el diario Daily News. Seg\u00fan el peri\u00f3dico, Clinton tiene intenci\u00f3n de alquilar un gran espacio de unos 100.000 pies cuadrados (casi 9.300 metros [&hellip;]<\/p>\n","protected":false},"author":3,"featured_media":0,"comment_status":"open","ping_status":"open","sticky":false,"template":"","format":"standard","meta":{"footnotes":""},"categories":[23],"tags":[],"class_list":["post-255334","post","type-post","status-publish","format-standard","hentry","category-internacional"],"_links":{"self":[{"href":"https:\/\/diariodominicano.com\/index.php?rest_route=\/wp\/v2\/posts\/255334","targetHints":{"allow":["GET"]}}],"collection":[{"href":"https:\/\/diariodominicano.com\/index.php?rest_route=\/wp\/v2\/posts"}],"about":[{"href":"https:\/\/diariodominicano.com\/index.php?rest_route=\/wp\/v2\/types\/post"}],"author":[{"embeddable":true,"href":"https:\/\/diariodominicano.com\/index.php?rest_route=\/wp\/v2\/users\/3"}],"replies":[{"embeddable":true,"href":"https:\/\/diariodominicano.com\/index.php?rest_route=%2Fwp%2Fv2%2Fcomments&post=255334"}],"version-history":[{"count":0,"href":"https:\/\/diariodominicano.com\/index.php?rest_route=\/wp\/v2\/posts\/255334\/revisions"}],"wp:attachment":[{"href":"https:\/\/diariodominicano.com\/index.php?rest_route=%2Fwp%2Fv2%2Fmedia&parent=255334"}],"wp:term":[{"taxonomy":"category","embeddable":true,"href":"https:\/\/diariodominicano.com\/index.php?rest_route=%2Fwp%2Fv2%2Fcategories&post=255334"},{"taxonomy":"post_tag","embeddable":true,"href":"https:\/\/diariodominicano.com\/index.php?rest_route=%2Fwp%2Fv2%2Ftags&post=255334"}],"curies":[{"name":"wp","href":"https:\/\/api.w.org\/{rel}","templated":true}]}}