{"id":255331,"date":"2015-02-08T13:23:25","date_gmt":"2015-02-08T13:23:25","guid":{"rendered":"http:\/\/diariodominicano.ddns.net\/?p=255331"},"modified":"2015-02-08T13:23:25","modified_gmt":"2015-02-08T13:23:25","slug":"vaticano-la-iglesia-mas-segura-para-ninos-iglesia-estudia-sancionar-a-obispos-que-no-actuen","status":"publish","type":"post","link":"https:\/\/diariodominicano.com\/?p=255331","title":{"rendered":"&#13;Vaticano: la Iglesia, m\u00e1s segura para ni\u00f1os; iglesia estudia sancionar a obispos que no actuen&#13;"},"content":{"rendered":"<p><body><\/p>\n<p><img decoding=\"async\" src=\"img3\/papa 8.jpeg\" \/>  <\/p>\n<p>Ciudad Del Vaticano 8 febrero.- La Pontificia Comisi\u00f3n para la tutela de menores del Vaticano, constituida por orden del papa Francisco en diciembre de 2013, trabajar\u00e1 en programas de formaci\u00f3n a miembros de la Curia y a nuevos obispos para \u00abevitar errores del pasado\u00bb y hacer de la Iglesia \u00abun lugar m\u00e1s seguro para los ni\u00f1os\u00bb.<\/p>\n<\/p>\n<p>El objetivo es \u00abpreparar a la Iglesia para responder cuando los religiosos no cumplan con sus obligaciones\u00bb y, sobre todo, \u00abprevenir que se den estas situaciones\u00bb, explic\u00f3 ayer el cardenal estadounidense Se\u00e1n Patrick O?Malley, presidente de esta comisi\u00f3n, en una rueda de prensa celebrada en la Santa Sede.<\/p>\n<\/p>\n<p>\u00abEn el pasado se han cometido muchos errores que han causado dolor a las v\u00edctimas y a sus familiares. Hay que evitar que estos errores se sigan cometiendo y hacer de la Iglesia y del mundo un lugar m\u00e1s seguro para los ni\u00f1os\u00bb, agreg\u00f3.<\/p>\n<\/p>\n<p>Destac\u00f3 con contundencia que \u00abes necesario que haya consecuencias\u00bb si se conoce la existencia de estos casos y subray\u00f3 que la Iglesia tiene que disponer de \u00abprocedimientos para poder actuar en ellos\u00bb.<\/p>\n<\/p>\n<p>La comisi\u00f3n est\u00e1 compuesta por 17 miembros, entre ellos dos v\u00edctimas de abusos por parte de curas, y celebra entre antier y hasta ayer su primera sesi\u00f3n plenaria en el Vaticano. En la jornada de antier pusieron sobre la mesa la posibilidad de \u00abdesarrollar seminarios para educar a l\u00edderes de la Iglesia en el \u00e1mbito de la protecci\u00f3n a la infancia\u00bb.<\/p>\n<\/p>\n<p>Seg\u00fan O?Malley, la comisi\u00f3n vaticana espera \u00abpoder ofrecer estos programas a miembros de la Curia Romana y a obispos reci\u00e9n nombrados\u00bb de todo el mundo.<\/p>\n<\/p>\n<p>\u00abEstos programas de formaci\u00f3n denotan los esfuerzos de la Iglesia por responder a los casos en los que se hayan cometido abusos sexuales por parte de cl\u00e9rigos\u00bb, indic\u00f3.<\/p>\n<\/p>\n<p>Adem\u00e1s, se estudia fijar un D\u00eda de Oraci\u00f3n dedicado a \u00abaquellos que han sufrido da\u00f1os por abusos sexuales\u00bb, en palabras del cardenal estadounidense.<\/p>\n<\/p>\n<p>El jueves pasado, y a trav\u00e9s de un carta, el papa Francisco inst\u00f3 a los obispos a garantizar la seguridad de los menores en las parroquias.<\/p>\n<\/p>\n<h6> 2015-02-08 13:23:25 <\/h6>\n<p><!--\n<link rel=\"stylesheet\" href=\"css\/bootstrap.min.css\">\n\n\n<ul class=\"pagination\">\n\t    \n\t\n\n<li >\n\t<a href='?page_no=24975'>Previous<\/a>\n\t<\/li>\n\n\n       \n    \n\n<li><a href='?page_no=1'>1<\/a><\/li>\n\n\n\n<li><a href='?page_no=2'>2<\/a><\/li>\n\n\n\n<li><a>...<\/a><\/li>\n\n\n\n<li><a href='?page_no=24974'>24974<\/a><\/li>\n\n\n\n<li><a href='?page_no=24975'>24975<\/a><\/li>\n\n\n\n<li class='active'><a>24976<\/a><\/li>\n\n\n\n<li><a href='?page_no=24977'>24977<\/a><\/li>\n\n\n\n<li><a href='?page_no=24978'>24978<\/a><\/li>\n\n\n\n<li><a>...<\/a><\/li>\n\n\n\n<li><a href='?page_no=51012'>51012<\/a><\/li>\n\n\n\n<li><a href='?page_no=51013'>51013<\/a><\/li>\n\n    \n\t\n\n<li >\n\t<a href='?page_no=24977'>Next<\/a>\n\t<\/li>\n\n\n    \n\n<li><a href='?page_no=51013'>Last &rsaquo;&rsaquo;<\/a><\/li>\n\n<\/ul>\n\n\n--><br \/>\n<\/body><\/p>\n","protected":false},"excerpt":{"rendered":"<p>Ciudad Del Vaticano 8 febrero.- La Pontificia Comisi\u00f3n para la tutela de menores del Vaticano, constituida por orden del papa Francisco en diciembre de 2013, trabajar\u00e1 en programas de formaci\u00f3n a miembros de la Curia y a nuevos obispos para \u00abevitar errores del pasado\u00bb y hacer de la Iglesia \u00abun lugar m\u00e1s seguro para los [&hellip;]<\/p>\n","protected":false},"author":3,"featured_media":0,"comment_status":"open","ping_status":"open","sticky":false,"template":"","format":"standard","meta":{"footnotes":""},"categories":[23],"tags":[],"class_list":["post-255331","post","type-post","status-publish","format-standard","hentry","category-internacional"],"_links":{"self":[{"href":"https:\/\/diariodominicano.com\/index.php?rest_route=\/wp\/v2\/posts\/255331","targetHints":{"allow":["GET"]}}],"collection":[{"href":"https:\/\/diariodominicano.com\/index.php?rest_route=\/wp\/v2\/posts"}],"about":[{"href":"https:\/\/diariodominicano.com\/index.php?rest_route=\/wp\/v2\/types\/post"}],"author":[{"embeddable":true,"href":"https:\/\/diariodominicano.com\/index.php?rest_route=\/wp\/v2\/users\/3"}],"replies":[{"embeddable":true,"href":"https:\/\/diariodominicano.com\/index.php?rest_route=%2Fwp%2Fv2%2Fcomments&post=255331"}],"version-history":[{"count":0,"href":"https:\/\/diariodominicano.com\/index.php?rest_route=\/wp\/v2\/posts\/255331\/revisions"}],"wp:attachment":[{"href":"https:\/\/diariodominicano.com\/index.php?rest_route=%2Fwp%2Fv2%2Fmedia&parent=255331"}],"wp:term":[{"taxonomy":"category","embeddable":true,"href":"https:\/\/diariodominicano.com\/index.php?rest_route=%2Fwp%2Fv2%2Fcategories&post=255331"},{"taxonomy":"post_tag","embeddable":true,"href":"https:\/\/diariodominicano.com\/index.php?rest_route=%2Fwp%2Fv2%2Ftags&post=255331"}],"curies":[{"name":"wp","href":"https:\/\/api.w.org\/{rel}","templated":true}]}}