{"id":255330,"date":"2015-02-08T13:31:40","date_gmt":"2015-02-08T13:31:40","guid":{"rendered":"http:\/\/diariodominicano.ddns.net\/?p=255330"},"modified":"2015-02-08T13:31:40","modified_gmt":"2015-02-08T13:31:40","slug":"siguen-protestas-y-convocan-a-huelga-por-2-dias-en-haiti","status":"publish","type":"post","link":"https:\/\/diariodominicano.com\/?p=255330","title":{"rendered":"&#13;Siguen protestas y convocan a huelga por 2 d\u00edas en Hait\u00ed"},"content":{"rendered":"<p><body><\/p>\n<p>Puerto Pr\u00edncipe, Hait\u00ed 8 febrero.- Los convocantes de la manifestaci\u00f3n que, un d\u00eda m\u00e1s, recorri\u00f3 ayer las calles de Puerto Pr\u00edncipe, llamaron a los ciudadanos a secundar una huelga general de dos d\u00edas, el lunes y martes pr\u00f3ximos, como medida de presi\u00f3n y protesta por el precio del combustible.<\/p>\n<\/p>\n<p>Aunque la movilizaci\u00f3n se desarroll\u00f3 sin especiales incidentes, al final de la misma la polic\u00eda lanz\u00f3 gases lacrim\u00f3genos para disolver a unos 2,000 manifestantes, que marcharon en demanda de una rebaja en el precio de la gasolina, y animaron a los trabajadores a quedarse en sus casas y no coger el coche durante esas dos jornadas.<\/p>\n<p><strong> <\/strong><\/p>\n<p><strong>Robos<\/strong><\/p>\n<p>Algunas personas aprovecharon la aglomeraci\u00f3n de gente para robar art\u00edculos como tel\u00e9fono m\u00f3viles, carteras y otros objetos de valor, lo que caus\u00f3 la intervenci\u00f3n de las autoridades.<\/p>\n<\/p>\n<p>Los opositores pol\u00edticos pidieron nuevamente la salida del presidente Michel Martelly y la convocatoria de elecciones.<\/p>\n<\/p>\n<p>Los manifestantes tambi\u00e9n se quejan de que Martelly empez\u00f3 a gobernar por decreto el mes pasado tras la disoluci\u00f3n del Parlamento.<\/p>\n<h6> 2015-02-08 13:31:40 <\/h6>\n<p><!--\n<link rel=\"stylesheet\" href=\"css\/bootstrap.min.css\">\n\n\n<ul class=\"pagination\">\n\t    \n\t\n\n<li >\n\t<a href='?page_no=24974'>Previous<\/a>\n\t<\/li>\n\n\n       \n    \n\n<li><a href='?page_no=1'>1<\/a><\/li>\n\n\n\n<li><a href='?page_no=2'>2<\/a><\/li>\n\n\n\n<li><a>...<\/a><\/li>\n\n\n\n<li><a href='?page_no=24973'>24973<\/a><\/li>\n\n\n\n<li><a href='?page_no=24974'>24974<\/a><\/li>\n\n\n\n<li class='active'><a>24975<\/a><\/li>\n\n\n\n<li><a href='?page_no=24976'>24976<\/a><\/li>\n\n\n\n<li><a href='?page_no=24977'>24977<\/a><\/li>\n\n\n\n<li><a>...<\/a><\/li>\n\n\n\n<li><a href='?page_no=51012'>51012<\/a><\/li>\n\n\n\n<li><a href='?page_no=51013'>51013<\/a><\/li>\n\n    \n\t\n\n<li >\n\t<a href='?page_no=24976'>Next<\/a>\n\t<\/li>\n\n\n    \n\n<li><a href='?page_no=51013'>Last &rsaquo;&rsaquo;<\/a><\/li>\n\n<\/ul>\n\n\n--><br \/>\n<\/body><\/p>\n","protected":false},"excerpt":{"rendered":"<p>Puerto Pr\u00edncipe, Hait\u00ed 8 febrero.- Los convocantes de la manifestaci\u00f3n que, un d\u00eda m\u00e1s, recorri\u00f3 ayer las calles de Puerto Pr\u00edncipe, llamaron a los ciudadanos a secundar una huelga general de dos d\u00edas, el lunes y martes pr\u00f3ximos, como medida de presi\u00f3n y protesta por el precio del combustible. Aunque la movilizaci\u00f3n se desarroll\u00f3 sin [&hellip;]<\/p>\n","protected":false},"author":3,"featured_media":0,"comment_status":"open","ping_status":"open","sticky":false,"template":"","format":"standard","meta":{"footnotes":""},"categories":[23],"tags":[],"class_list":["post-255330","post","type-post","status-publish","format-standard","hentry","category-internacional"],"_links":{"self":[{"href":"https:\/\/diariodominicano.com\/index.php?rest_route=\/wp\/v2\/posts\/255330","targetHints":{"allow":["GET"]}}],"collection":[{"href":"https:\/\/diariodominicano.com\/index.php?rest_route=\/wp\/v2\/posts"}],"about":[{"href":"https:\/\/diariodominicano.com\/index.php?rest_route=\/wp\/v2\/types\/post"}],"author":[{"embeddable":true,"href":"https:\/\/diariodominicano.com\/index.php?rest_route=\/wp\/v2\/users\/3"}],"replies":[{"embeddable":true,"href":"https:\/\/diariodominicano.com\/index.php?rest_route=%2Fwp%2Fv2%2Fcomments&post=255330"}],"version-history":[{"count":0,"href":"https:\/\/diariodominicano.com\/index.php?rest_route=\/wp\/v2\/posts\/255330\/revisions"}],"wp:attachment":[{"href":"https:\/\/diariodominicano.com\/index.php?rest_route=%2Fwp%2Fv2%2Fmedia&parent=255330"}],"wp:term":[{"taxonomy":"category","embeddable":true,"href":"https:\/\/diariodominicano.com\/index.php?rest_route=%2Fwp%2Fv2%2Fcategories&post=255330"},{"taxonomy":"post_tag","embeddable":true,"href":"https:\/\/diariodominicano.com\/index.php?rest_route=%2Fwp%2Fv2%2Ftags&post=255330"}],"curies":[{"name":"wp","href":"https:\/\/api.w.org\/{rel}","templated":true}]}}