{"id":255327,"date":"2015-02-09T10:40:11","date_gmt":"2015-02-09T10:40:11","guid":{"rendered":"http:\/\/diariodominicano.ddns.net\/?p=255327"},"modified":"2015-02-09T10:40:11","modified_gmt":"2015-02-09T10:40:11","slug":"narcotraficante-mexicana-la-reina-del-pacifico-queda-libre-tras-8-anos-presa","status":"publish","type":"post","link":"https:\/\/diariodominicano.com\/?p=255327","title":{"rendered":"Narcotraficante mexicana La Reina del Pac\u00edfico queda libre tras 8 a\u00f1os presa"},"content":{"rendered":"<p><body><\/p>\n<p><img decoding=\"async\" src=\"img3\/reina 9.jpeg\" \/>  <\/p>\n<p>M\u00e9xico DF 9 febrero.- La narcotraficante Sandra \u00c1vila Beltr\u00e1n, alias La Reina del Pac\u00edfico, qued\u00f3 ayer en libertad despu\u00e9s de que un tribunal del estado mexicano de Jalisco ordenara su liberaci\u00f3n inmediata, una resoluci\u00f3n que seg\u00fan la Fiscal\u00eda no admite recurso alguno.<\/p>\n<\/p>\n<p>Seg\u00fan publica la prensa local, \u00c1vila Beltr\u00e1n fue recibida por sus familiares y juntos abandonaron el centro penitenciario de Nayarit, en el que estaba recluida, a bordo de varias camionetas.<\/p>\n<\/p>\n<p>La Procuradur\u00eda General de la Rep\u00fablica (PGR, Fiscal\u00eda) inform\u00f3 el s\u00e1bado que el 6 de febrero la magistrada encargada del caso revoc\u00f3 una sentencia por el delito de operaciones con recursos de procedencia il\u00edcita, ya que \u00c1vila Beltr\u00e1n \u00abya hab\u00eda sido juzgada por el mismo delito, tanto en M\u00e9xico como en el extranjero\u00bb.<\/p>\n<\/p>\n<p>Por tanto, orden\u00f3 su \u00abinmediata libertad\u00bb, una resoluci\u00f3n que \u00abno admite recurso alguno\u00bb, explic\u00f3 la Fiscal\u00eda mexicana.<\/p>\n<\/p>\n<p>\u00abLa Reina del Pac\u00edfico\u00bb fue detenida en M\u00e9xico en septiembre de 2007 acusada por la PGR de introducir en el pa\u00eds varias toneladas de coca\u00edna en 2002 junto con su ex pareja sentimental, el colombiano Juan Diego Espinosa Ram\u00edrez, alias \u00abEl Tigre\u00bb.<\/p>\n<\/p>\n<p>A finales de 2010 un juez mexicano la absolvi\u00f3 de los delitos de delincuencia organizada y blanqueo de dinero, pero la retuvo para ser extraditada a Estados Unidos, lo que sucedi\u00f3 en agosto de 2012.<\/p>\n<\/p>\n<p>\u00c1vila Beltr\u00e1n fue entregada a las autoridades estadounidenses en cumplimiento del acuerdo de extradici\u00f3n y, en julio de 2013, la Corte Federal para el Distrito Sur de Florida (EEUU), la conden\u00f3 a 70 meses de prisi\u00f3n.<\/p>\n<\/p>\n<p>Tras esto fue repatriada a M\u00e9xico en agosto de 2013 y de nuevo encarcelada para enfrentarse a la Justicia por cargos de blanqueo de dinero.<\/p>\n<\/p>\n<p>El 5 de septiembre del 2014 fue condenada a cinco a\u00f1os de prisi\u00f3n y mil d\u00edas de multa por ser penalmente responsable en la comisi\u00f3n del delito de operaciones de procedencia il\u00edcita y fue recluida en el Centro Federal de Readaptaci\u00f3n Social, en el estado de Nayarit.<\/p>\n<\/p>\n<p>Nacida en el estado mexicano de Baja California, \u00c1vila Beltr\u00e1n es sobrina del narcotraficante Miguel \u00c1ngel F\u00e9lix Gallardo, alias \u00abEl Padrino\u00bb, y se considera la inspiradora del personaje protagonista de la novela \u00abLa Reina del Sur\u00bb, del escritor espa\u00f1ol Arturo P\u00e9rez-Reverte.<\/p>\n<h6> 2015-02-09 10:40:11 <\/h6>\n<p><!--\n<link rel=\"stylesheet\" href=\"css\/bootstrap.min.css\">\n\n\n<ul class=\"pagination\">\n\t    \n\t\n\n<li >\n\t<a href='?page_no=24971'>Previous<\/a>\n\t<\/li>\n\n\n       \n    \n\n<li><a href='?page_no=1'>1<\/a><\/li>\n\n\n\n<li><a href='?page_no=2'>2<\/a><\/li>\n\n\n\n<li><a>...<\/a><\/li>\n\n\n\n<li><a href='?page_no=24970'>24970<\/a><\/li>\n\n\n\n<li><a href='?page_no=24971'>24971<\/a><\/li>\n\n\n\n<li class='active'><a>24972<\/a><\/li>\n\n\n\n<li><a href='?page_no=24973'>24973<\/a><\/li>\n\n\n\n<li><a href='?page_no=24974'>24974<\/a><\/li>\n\n\n\n<li><a>...<\/a><\/li>\n\n\n\n<li><a href='?page_no=51012'>51012<\/a><\/li>\n\n\n\n<li><a href='?page_no=51013'>51013<\/a><\/li>\n\n    \n\t\n\n<li >\n\t<a href='?page_no=24973'>Next<\/a>\n\t<\/li>\n\n\n    \n\n<li><a href='?page_no=51013'>Last &rsaquo;&rsaquo;<\/a><\/li>\n\n<\/ul>\n\n\n--><br \/>\n<\/body><\/p>\n","protected":false},"excerpt":{"rendered":"<p>M\u00e9xico DF 9 febrero.- La narcotraficante Sandra \u00c1vila Beltr\u00e1n, alias La Reina del Pac\u00edfico, qued\u00f3 ayer en libertad despu\u00e9s de que un tribunal del estado mexicano de Jalisco ordenara su liberaci\u00f3n inmediata, una resoluci\u00f3n que seg\u00fan la Fiscal\u00eda no admite recurso alguno. Seg\u00fan publica la prensa local, \u00c1vila Beltr\u00e1n fue recibida por sus familiares y [&hellip;]<\/p>\n","protected":false},"author":3,"featured_media":0,"comment_status":"open","ping_status":"open","sticky":false,"template":"","format":"standard","meta":{"footnotes":""},"categories":[23],"tags":[],"class_list":["post-255327","post","type-post","status-publish","format-standard","hentry","category-internacional"],"_links":{"self":[{"href":"https:\/\/diariodominicano.com\/index.php?rest_route=\/wp\/v2\/posts\/255327","targetHints":{"allow":["GET"]}}],"collection":[{"href":"https:\/\/diariodominicano.com\/index.php?rest_route=\/wp\/v2\/posts"}],"about":[{"href":"https:\/\/diariodominicano.com\/index.php?rest_route=\/wp\/v2\/types\/post"}],"author":[{"embeddable":true,"href":"https:\/\/diariodominicano.com\/index.php?rest_route=\/wp\/v2\/users\/3"}],"replies":[{"embeddable":true,"href":"https:\/\/diariodominicano.com\/index.php?rest_route=%2Fwp%2Fv2%2Fcomments&post=255327"}],"version-history":[{"count":0,"href":"https:\/\/diariodominicano.com\/index.php?rest_route=\/wp\/v2\/posts\/255327\/revisions"}],"wp:attachment":[{"href":"https:\/\/diariodominicano.com\/index.php?rest_route=%2Fwp%2Fv2%2Fmedia&parent=255327"}],"wp:term":[{"taxonomy":"category","embeddable":true,"href":"https:\/\/diariodominicano.com\/index.php?rest_route=%2Fwp%2Fv2%2Fcategories&post=255327"},{"taxonomy":"post_tag","embeddable":true,"href":"https:\/\/diariodominicano.com\/index.php?rest_route=%2Fwp%2Fv2%2Ftags&post=255327"}],"curies":[{"name":"wp","href":"https:\/\/api.w.org\/{rel}","templated":true}]}}