{"id":255326,"date":"2015-02-09T13:37:40","date_gmt":"2015-02-09T13:37:40","guid":{"rendered":"http:\/\/diariodominicano.ddns.net\/?p=255326"},"modified":"2015-02-09T13:37:40","modified_gmt":"2015-02-09T13:37:40","slug":"rusia-espera-acuerdos-importantes-sobre-ucrania","status":"publish","type":"post","link":"https:\/\/diariodominicano.com\/?p=255326","title":{"rendered":"Rusia espera acuerdos importantes sobre Ucrania"},"content":{"rendered":"<p><body><\/p>\n<p><img decoding=\"async\" src=\"img3\/vladimir_putin.jpg\" \/>  <\/p>\n<p><span class=\"text1noticias\">\t\t<\/span><\/p>\n<p><span class=\"text1noticias\">  <\/span><\/p>\n<\/p>\n<p><span class=\"text1noticias\">Mosc\u00fa, 9 feb (PL) La canciller\u00eda rusa espera que la proyectada cita esta semana del presidente Vladimir Putin con los l\u00edderes de Alemania, Francia y Ucrania en la ciudad de Minsk,redunde en soluciones al conflicto ucraniano, destac\u00f3 hoy una fuente oficial. <\/span><\/p>\n<p><span class=\"text1noticias\">El presidente Putin anunci\u00f3 la v\u00edspera un acuerdo de celebrar en la capital de Belarrus, previsiblemente el mi\u00e9rcoles, un encuentro en el formato de Normand\u00eda, como resultado de un intercambio telef\u00f3nico con Angela Merkel, Francois Hollande y Petro Poroshenko.<\/span><\/p>\n<\/p>\n<p><span class=\"text1noticias\">Coment\u00f3 Putin que fue conciliada la organizaci\u00f3n de una reuni\u00f3n entre los jefes de Estado y de Gobierno en Minsk, del cuarteto, si para ese entonces se logra concertar posiciones enfiladas a un arreglo del conflicto ucraniano.<\/span><\/p>\n<\/p>\n<p><span class=\"text1noticias\">Sobre el particular, el ministro ruso de Asuntos Exteriores, Serguei Lavrov, expres\u00f3 las expectativas en Mosc\u00fa de la cumbre de alto nivel, en cuanto a importantes decisiones.<\/span><\/p>\n<\/p>\n<p><span class=\"text1noticias\">Los esfuerzos en procura de una soluci\u00f3n de la crisis ucraniana se encaminan con activa iniciativa del presidente de Rusia, subray\u00f3 Lavrov en una rueda de prensa, en la que resumi\u00f3, adem\u00e1s, su participaci\u00f3n en la conferencia internacional de Seguridad, en M\u00fanich.<\/span><\/p>\n<\/p>\n<p><span class=\"text1noticias\">Revel\u00f3 el canciller ruso que las propuestas que envi\u00f3 Putin a sus colegas de Par\u00eds y Berl\u00edn varios d\u00edas atr\u00e1s fueron analizadas durante el encuentro celebrado en Mosc\u00fa, el viernes pasado, con Merkel y Hollande.<\/span><\/p>\n<\/p>\n<p><span class=\"text1noticias\">A juicio del ministro, en Occidente parece que crece la comprensi\u00f3n sobre la necesidad de renunciar a las acusaciones y los castigos en relaci\u00f3n con lo que ocurre en Ucrania y afloran las conversaciones acerca de la creaci\u00f3n de un sistema sostenible de seguridad europea.<\/span><\/p>\n<\/p>\n<p><span class=\"text1noticias\">Dijo el ministro que la crisis ucraniana figur\u00f3 en todos los debates durante la conferencia y en los contactos bilaterales (m\u00e1s de 15) que sostuvo con sus pares de Alemania, Austria, Estados Unidos, Italia y Serbia, relacion\u00f3, a modo de ejemplo.<\/span><\/p>\n<\/p>\n<p><span class=\"text1noticias\">El jefe de la diplomacia rusa agreg\u00f3 que en el intercambio con el secretario norteamericano de Estado, John Kerry, se subray\u00f3 que no existen alternativas a una soluci\u00f3n pol\u00edtica del conflicto ucraniano.<\/span><\/p>\n<\/p>\n<p><span class=\"text1noticias\">Al mismo tiempo, Lavrov previno sobre las consecuencias imprevisibles de los planes sobre un suministro de armamentos a Ucrania, incluidos con fuerza en los debates en Washington.<\/span><\/p>\n<\/p>\n<p><span class=\"text1noticias\">Insisti\u00f3 en que esa postura, apoyada por c\u00edrculos de la Casa Blanca, grupos en el Congreso estadounidense y el Pent\u00e1gono constituye un peligro y mina los esfuerzos para un arreglo pol\u00edtico definitivo de la confrontaci\u00f3n en el sureste del vecino pa\u00eds.<\/span><\/p>\n<\/p>\n<p><span class=\"text1noticias\">Constat\u00f3 Lavrov que una mayor\u00eda de pol\u00edticos en el Viejo continente percibe muy negativo las perspectivas de pertrechar a Kiev de medios b\u00e9licos, y en ello la posici\u00f3n de Rusia y colegas europeos coincide, afirm\u00f3.<\/span><\/p>\n<\/p>\n<\/p>\n<p><span class=\"text1noticias\">Rusia espera acuerdos importantes sobre Ucrania\t\t\t<\/span><\/p>\n<p><span class=\"text1noticias\">  <\/span><\/p>\n<\/p>\n<p><span class=\"text1noticias\">Mosc\u00fa, 9 feb (PL) La canciller\u00eda rusa espera que la proyectada cita esta semana del presidente Vladimir Putin con los l\u00edderes de Alemania, Francia y Ucrania en la ciudad de Minsk,redunde en soluciones al conflicto ucraniano, destac\u00f3 hoy una fuente oficial. <\/span><\/p>\n<\/p>\n<p><span class=\"text1noticias\">El presidente Putin anunci\u00f3 la v\u00edspera un acuerdo de celebrar en la capital de Belarrus, previsiblemente el mi\u00e9rcoles, un encuentro en el formato de Normand\u00eda, como resultado de un intercambio telef\u00f3nico con Angela Merkel, Francois Hollande y Petro Poroshenko.<\/span><\/p>\n<\/p>\n<p><span class=\"text1noticias\">Coment\u00f3 Putin que fue conciliada la organizaci\u00f3n de una reuni\u00f3n entre los jefes de Estado y de Gobierno en Minsk, del cuarteto, si para ese entonces se logra concertar posiciones enfiladas a un arreglo del conflicto ucraniano.<\/span><\/p>\n<\/p>\n<p><span class=\"text1noticias\">Sobre el particular, el ministro ruso de Asuntos Exteriores, Serguei Lavrov, expres\u00f3 las expectativas en Mosc\u00fa de la cumbre de alto nivel, en cuanto a importantes decisiones.<\/span><\/p>\n<\/p>\n<p><span class=\"text1noticias\">Los esfuerzos en procura de una soluci\u00f3n de la crisis ucraniana se encaminan con activa iniciativa del presidente de Rusia, subray\u00f3 Lavrov en una rueda de prensa, en la que resumi\u00f3, adem\u00e1s, su participaci\u00f3n en la conferencia internacional de Seguridad, en M\u00fanich.<\/span><\/p>\n<\/p>\n<p><span class=\"text1noticias\">Revel\u00f3 el canciller ruso que las propuestas que envi\u00f3 Putin a sus colegas de Par\u00eds y Berl\u00edn varios d\u00edas atr\u00e1s fueron analizadas durante el encuentro celebrado en Mosc\u00fa, el viernes pasado, con Merkel y Hollande.<\/span><\/p>\n<\/p>\n<p><span class=\"text1noticias\">A juicio del ministro, en Occidente parece que crece la comprensi\u00f3n sobre la necesidad de renunciar a las acusaciones y los castigos en relaci\u00f3n con lo que ocurre en Ucrania y afloran las conversaciones acerca de la creaci\u00f3n de un sistema sostenible de seguridad europea.<\/span><\/p>\n<\/p>\n<p><span class=\"text1noticias\">Dijo el ministro que la crisis ucraniana figur\u00f3 en todos los debates durante la conferencia y en los contactos bilaterales (m\u00e1s de 15) que sostuvo con sus pares de Alemania, Austria, Estados Unidos, Italia y Serbia, relacion\u00f3, a modo de ejemplo.<\/span><\/p>\n<\/p>\n<p><span class=\"text1noticias\">El jefe de la diplomacia rusa agreg\u00f3 que en el intercambio con el secretario norteamericano de Estado, John Kerry, se subray\u00f3 que no existen alternativas a una soluci\u00f3n pol\u00edtica del conflicto ucraniano.<\/span><\/p>\n<\/p>\n<p><span class=\"text1noticias\">Al mismo tiempo, Lavrov previno sobre las consecuencias imprevisibles de los planes sobre un suministro de armamentos a Ucrania, incluidos con fuerza en los debates en Washington.<\/span><\/p>\n<\/p>\n<p><span class=\"text1noticias\">Insisti\u00f3 en que esa postura, apoyada por c\u00edrculos de la Casa Blanca, grupos en el Congreso estadounidense y el Pent\u00e1gono constituye un peligro y mina los esfuerzos para un arreglo pol\u00edtico definitivo de la confrontaci\u00f3n en el sureste del vecino pa\u00eds.<\/span><\/p>\n<\/p>\n<p><span class=\"text1noticias\">Constat\u00f3 Lavrov que una mayor\u00eda de pol\u00edticos en el Viejo continente percibe muy negativo las perspectivas de pertrechar a Kiev de medios b\u00e9licos, y en ello la posici\u00f3n de Rusia y colegas europeos coincide, afirm\u00f3.<\/span><\/p>\n<\/p>\n<h6> 2015-02-09 13:37:40 <\/h6>\n<p><!--\n<link rel=\"stylesheet\" href=\"css\/bootstrap.min.css\">\n\n\n<ul class=\"pagination\">\n\t    \n\t\n\n<li >\n\t<a href='?page_no=24970'>Previous<\/a>\n\t<\/li>\n\n\n       \n    \n\n<li><a href='?page_no=1'>1<\/a><\/li>\n\n\n\n<li><a href='?page_no=2'>2<\/a><\/li>\n\n\n\n<li><a>...<\/a><\/li>\n\n\n\n<li><a href='?page_no=24969'>24969<\/a><\/li>\n\n\n\n<li><a href='?page_no=24970'>24970<\/a><\/li>\n\n\n\n<li class='active'><a>24971<\/a><\/li>\n\n\n\n<li><a href='?page_no=24972'>24972<\/a><\/li>\n\n\n\n<li><a href='?page_no=24973'>24973<\/a><\/li>\n\n\n\n<li><a>...<\/a><\/li>\n\n\n\n<li><a href='?page_no=51012'>51012<\/a><\/li>\n\n\n\n<li><a href='?page_no=51013'>51013<\/a><\/li>\n\n    \n\t\n\n<li >\n\t<a href='?page_no=24972'>Next<\/a>\n\t<\/li>\n\n\n    \n\n<li><a href='?page_no=51013'>Last &rsaquo;&rsaquo;<\/a><\/li>\n\n<\/ul>\n\n\n--><br \/>\n<\/body><\/p>\n","protected":false},"excerpt":{"rendered":"<p>Mosc\u00fa, 9 feb (PL) La canciller\u00eda rusa espera que la proyectada cita esta semana del presidente Vladimir Putin con los l\u00edderes de Alemania, Francia y Ucrania en la ciudad de Minsk,redunde en soluciones al conflicto ucraniano, destac\u00f3 hoy una fuente oficial. El presidente Putin anunci\u00f3 la v\u00edspera un acuerdo de celebrar en la capital de [&hellip;]<\/p>\n","protected":false},"author":3,"featured_media":0,"comment_status":"open","ping_status":"open","sticky":false,"template":"","format":"standard","meta":{"footnotes":""},"categories":[23],"tags":[],"class_list":["post-255326","post","type-post","status-publish","format-standard","hentry","category-internacional"],"_links":{"self":[{"href":"https:\/\/diariodominicano.com\/index.php?rest_route=\/wp\/v2\/posts\/255326","targetHints":{"allow":["GET"]}}],"collection":[{"href":"https:\/\/diariodominicano.com\/index.php?rest_route=\/wp\/v2\/posts"}],"about":[{"href":"https:\/\/diariodominicano.com\/index.php?rest_route=\/wp\/v2\/types\/post"}],"author":[{"embeddable":true,"href":"https:\/\/diariodominicano.com\/index.php?rest_route=\/wp\/v2\/users\/3"}],"replies":[{"embeddable":true,"href":"https:\/\/diariodominicano.com\/index.php?rest_route=%2Fwp%2Fv2%2Fcomments&post=255326"}],"version-history":[{"count":0,"href":"https:\/\/diariodominicano.com\/index.php?rest_route=\/wp\/v2\/posts\/255326\/revisions"}],"wp:attachment":[{"href":"https:\/\/diariodominicano.com\/index.php?rest_route=%2Fwp%2Fv2%2Fmedia&parent=255326"}],"wp:term":[{"taxonomy":"category","embeddable":true,"href":"https:\/\/diariodominicano.com\/index.php?rest_route=%2Fwp%2Fv2%2Fcategories&post=255326"},{"taxonomy":"post_tag","embeddable":true,"href":"https:\/\/diariodominicano.com\/index.php?rest_route=%2Fwp%2Fv2%2Ftags&post=255326"}],"curies":[{"name":"wp","href":"https:\/\/api.w.org\/{rel}","templated":true}]}}