{"id":255323,"date":"2015-02-09T13:53:40","date_gmt":"2015-02-09T13:53:40","guid":{"rendered":"http:\/\/diariodominicano.ddns.net\/?p=255323"},"modified":"2015-02-09T13:53:40","modified_gmt":"2015-02-09T13:53:40","slug":"deben-conocerse-nuevas-pruebas-en-muerte-de-fiscal-argentino","status":"publish","type":"post","link":"https:\/\/diariodominicano.com\/?p=255323","title":{"rendered":"&#13;&#13;Deben conocerse nuevas pruebas en muerte de fiscal argentino"},"content":{"rendered":"<p><body><\/p>\n<p><img decoding=\"async\" src=\"img3\/alberto-nisman.jpg\" \/>  <\/p>\n<p><span class=\"text1noticias\">\t\t<\/span><\/p>\n<p><span class=\"text1noticias\">  <\/span><\/p>\n<\/p>\n<p><span class=\"text1noticias\">Buenos Aires, 9 feb (PL) Nuevos resultados de las pericias toxicol\u00f3gicas y las de los tejidos deben conocerse hoy en la investigaci\u00f3n que se realiza en Argentina en la muerte del fiscal Alberto Nisman que ocupa la atenci\u00f3n nacional.<\/span><\/p>\n<\/p>\n<p><span class=\"text1noticias\">Al mismo tiempo, suscita inter\u00e9s el trabajo que efectuar\u00e1n los peritos de la querella que encabeza la jueza Sandra Arroyo, ex esposa del occiso, en especial por las informaciones contradictorias que ha dado la investigadora Viviana Fein.<\/span><\/p>\n<\/p>\n<p><span class=\"text1noticias\">Las contradicciones -seg\u00fan menciona el servicio Infonews- radican en la recolecci\u00f3n de pruebas y la mec\u00e1nica del disparo que le quit\u00f3 la vida a Nisman, seg\u00fan las propias declaraciones de la fiscal Fein, de ah\u00ed que sea clave los peritajes que hagan los expertos de Arroyo.<\/span><\/p>\n<\/p>\n<p><span class=\"text1noticias\">El m\u00e9dico forense Osvaldo Raffo, un reconocido criminalista, y el exjefe de la Polic\u00eda Bonaerense, Daniel Salcedo, fueron nombrados como peritos en representaci\u00f3n de las hijas de Nisman en la querella planteada por la magistrada Arroyo.<\/span><\/p>\n<\/p>\n<p><span class=\"text1noticias\">La fiscal Fein dijo primero que la pistola Bersa calibre 22 fue disparada a un cent\u00edmetro de la cabeza y el proyectil que le priv\u00f3 la vida a Nisman ingres\u00f3 por la sien derecha a una distancia no mayor de un cent\u00edmetro de la oreja.<\/span><\/p>\n<\/p>\n<p><span class=\"text1noticias\">Posteriormente, desde su Fiscal\u00eda se dijo que el arma estaba pegada a la cabeza en el momento del disparo, pero fue desmentido posteriormente luego que pericias forenses indicaron que no hab\u00eda resto de materia cerebral ni sangre en la punta de la pistola.<\/span><\/p>\n<\/p>\n<p><span class=\"text1noticias\">En medio de las discordancias, el opositor diario Clar\u00edn desinform\u00f3 que el balazo fue disparado a una distancia de 15 cent\u00edmetros del cr\u00e1neo.<\/span><\/p>\n<\/p>\n<p><span class=\"text1noticias\">Fein desminti\u00f3 tal versi\u00f3n de forma categ\u00f3rica pero al hacerlo dijo que la trayectoria del proyectil fue perpendicular. Poco despu\u00e9s sostuvo que el balazo entr\u00f3 por el parietal. Y al rato nombr\u00f3 el hueso temporal.<\/span><\/p>\n<\/p>\n<p><span class=\"text1noticias\">El comentarista del servicio Infonews Juan Alonso se\u00f1al\u00f3 que \u00aben pocos minutos la fiscal describi\u00f3 huesos distintos de la cabeza humana\u00bb.<\/span><\/p>\n<\/p>\n<p><span class=\"text1noticias\">De ah\u00ed, que la investigaci\u00f3n paralela de la querella suscite inter\u00e9s.<\/span><\/p>\n<\/p>\n<p><span class=\"text1noticias\">El secretario general de la Presidencia, An\u00edbal Fern\u00e1ndez, critic\u00f3 que \u00abalgunos hacen un uso politiquero de la muerte de Nisman\u00bb, al cuestionar a los dirigentes opositores que asistir\u00e1n a la denominada Marcha del Silencio.<\/span><\/p>\n<\/p>\n<p><span class=\"text1noticias\">Esa manifestaci\u00f3n fue convocada para el pr\u00f3ximo d\u00eda 18 por cuatro fiscales y un l\u00edder gremial, todos opositores, en memoria de Nisman, pero en realidad toda la oposici\u00f3n de centro y derecha se adue\u00f1\u00f3 del llamado.<\/span><\/p>\n<\/p>\n<p><span class=\"text1noticias\">La titular de la organizaci\u00f3n Justicia Leg\u00edtima, la magistrada Mar\u00eda Laura Garrig\u00f3s, sostuvo que \u00abla marcha no busca homenajear a Nisman\u00bb. Pero servir\u00e1 -se\u00f1al\u00f3- \u00abpara saber qui\u00e9n est\u00e1 de qu\u00e9 lado, los que quieren la transparencia y los que no\u00bb.<\/span><\/p>\n<\/p>\n<h6> 2015-02-09 13:53:40 <\/h6>\n<p><!--\n<link rel=\"stylesheet\" href=\"css\/bootstrap.min.css\">\n\n\n<ul class=\"pagination\">\n\t    \n\t\n\n<li >\n\t<a href='?page_no=24967'>Previous<\/a>\n\t<\/li>\n\n\n       \n    \n\n<li><a href='?page_no=1'>1<\/a><\/li>\n\n\n\n<li><a href='?page_no=2'>2<\/a><\/li>\n\n\n\n<li><a>...<\/a><\/li>\n\n\n\n<li><a href='?page_no=24966'>24966<\/a><\/li>\n\n\n\n<li><a href='?page_no=24967'>24967<\/a><\/li>\n\n\n\n<li class='active'><a>24968<\/a><\/li>\n\n\n\n<li><a href='?page_no=24969'>24969<\/a><\/li>\n\n\n\n<li><a href='?page_no=24970'>24970<\/a><\/li>\n\n\n\n<li><a>...<\/a><\/li>\n\n\n\n<li><a href='?page_no=51012'>51012<\/a><\/li>\n\n\n\n<li><a href='?page_no=51013'>51013<\/a><\/li>\n\n    \n\t\n\n<li >\n\t<a href='?page_no=24969'>Next<\/a>\n\t<\/li>\n\n\n    \n\n<li><a href='?page_no=51013'>Last &rsaquo;&rsaquo;<\/a><\/li>\n\n<\/ul>\n\n\n--><br \/>\n<\/body><\/p>\n","protected":false},"excerpt":{"rendered":"<p>Buenos Aires, 9 feb (PL) Nuevos resultados de las pericias toxicol\u00f3gicas y las de los tejidos deben conocerse hoy en la investigaci\u00f3n que se realiza en Argentina en la muerte del fiscal Alberto Nisman que ocupa la atenci\u00f3n nacional. Al mismo tiempo, suscita inter\u00e9s el trabajo que efectuar\u00e1n los peritos de la querella que encabeza [&hellip;]<\/p>\n","protected":false},"author":3,"featured_media":0,"comment_status":"open","ping_status":"open","sticky":false,"template":"","format":"standard","meta":{"footnotes":""},"categories":[23],"tags":[],"class_list":["post-255323","post","type-post","status-publish","format-standard","hentry","category-internacional"],"_links":{"self":[{"href":"https:\/\/diariodominicano.com\/index.php?rest_route=\/wp\/v2\/posts\/255323","targetHints":{"allow":["GET"]}}],"collection":[{"href":"https:\/\/diariodominicano.com\/index.php?rest_route=\/wp\/v2\/posts"}],"about":[{"href":"https:\/\/diariodominicano.com\/index.php?rest_route=\/wp\/v2\/types\/post"}],"author":[{"embeddable":true,"href":"https:\/\/diariodominicano.com\/index.php?rest_route=\/wp\/v2\/users\/3"}],"replies":[{"embeddable":true,"href":"https:\/\/diariodominicano.com\/index.php?rest_route=%2Fwp%2Fv2%2Fcomments&post=255323"}],"version-history":[{"count":0,"href":"https:\/\/diariodominicano.com\/index.php?rest_route=\/wp\/v2\/posts\/255323\/revisions"}],"wp:attachment":[{"href":"https:\/\/diariodominicano.com\/index.php?rest_route=%2Fwp%2Fv2%2Fmedia&parent=255323"}],"wp:term":[{"taxonomy":"category","embeddable":true,"href":"https:\/\/diariodominicano.com\/index.php?rest_route=%2Fwp%2Fv2%2Fcategories&post=255323"},{"taxonomy":"post_tag","embeddable":true,"href":"https:\/\/diariodominicano.com\/index.php?rest_route=%2Fwp%2Fv2%2Ftags&post=255323"}],"curies":[{"name":"wp","href":"https:\/\/api.w.org\/{rel}","templated":true}]}}