{"id":255322,"date":"2015-02-09T14:03:37","date_gmt":"2015-02-09T14:03:37","guid":{"rendered":"http:\/\/diariodominicano.ddns.net\/?p=255322"},"modified":"2015-02-09T14:03:37","modified_gmt":"2015-02-09T14:03:37","slug":"celac-por-menos-pobreza-y-mas-integracion-en-la-region","status":"publish","type":"post","link":"https:\/\/diariodominicano.com\/?p=255322","title":{"rendered":"&#13;&#13;Celac por menos pobreza y m\u00e1s integraci\u00f3n en la regi\u00f3n&#13;"},"content":{"rendered":"<p><body><\/p>\n<p><img decoding=\"async\" src=\"img3\/celac-banderas.jpg\" \/>  <\/p>\n<p>La Habana, 9 de feb. (PL) Menos pobreza y m\u00e1s integraci\u00f3n regional es la ruta que esboz\u00f3 la Comunidad de Estados Latinoamericanos y Caribe\u00f1os (Celac) en su III Cumbre, organizada en Costa Rica entre el 28 y 29 de enero.<\/p>\n<\/p>\n<p>El Centro de Eventos El Pedregal, ubicado a unos 10 kil\u00f3metros al oeste de la capital tica, acogi\u00f3 el foro que por vez primera tuvo como sede a una naci\u00f3n centroamericana. El canciller costarricense, Manuel Gonz\u00e1lez, reconoci\u00f3 que el evento fue el m\u00e1s importante realizado en ese pa\u00eds en el \u00faltimo cuarto de siglo.<\/p>\n<\/p>\n<p>Jefes de Estado y de Gobierno del mecanismo de 33 naciones, representantes de diferentes organismos multilaterales y m\u00e1s de 400 corresponsales extranjeros participaron en esta cita cuyos retos no eran pocos.<\/p>\n<\/p>\n<p>San Jos\u00e9 deb\u00eda marcar una continuidad a la senda integracionista con que naci\u00f3 la comunidad en 2011 en Caracas, Venezuela, e impulsar m\u00e1s los avances en la construcci\u00f3n de un mundo multipolar.<\/p>\n<\/p>\n<p>Naciones de un abanico ideol\u00f3gico plural y heterog\u00e9neo lograron sentarse a la misma mesa en Santiago de Chile -sede de la I Cumbre- y luego en la Habana, Cuba, y construir consensos con respeto a la diversidad, un logro que Costa Rica deb\u00eda fomentar.<\/p>\n<\/p>\n<p>El combate a la pobreza fue el tema central de la reuni\u00f3n y sobre el cual varios mandatarios remarcaron las deudas que permanecen en tal sentido y el desaf\u00edo que significa para los Estados miembros de la Celac.<\/p>\n<\/p>\n<p>Las propuestas recogidas ahondaron en la necesidad de promover el crecimiento econ\u00f3mico a trav\u00e9s del impulso de la ciencia, la tecnolog\u00eda y la innovaci\u00f3n, sin dejar de lado la necesidad de nueva arquitectura financiera.<\/p>\n<\/p>\n<p>El presidente ecuatoriano, Rafael Correa, se\u00f1al\u00f3 que la extrema pobreza en la regi\u00f3n es fruto de la inequidad, no de la falta de recursos, por lo cual es necesaria la voluntad pol\u00edtica para declarar la regi\u00f3n libre de este fen\u00f3meno.<\/p>\n<\/p>\n<p>En la declaraci\u00f3n final -documento de 94 puntos- este bloque regional acord\u00f3 impulsar la Cooperaci\u00f3n Sur-Sur en aras de alcanzar el desarrollo sostenible y el crecimiento inclusivo en beneficio de los pueblos.<\/p>\n<\/p>\n<p>La Cooperaci\u00f3n Sur-Sur constituye para nuestra comunidad un instrumento privilegiado para la complementaci\u00f3n, la uni\u00f3n, la integraci\u00f3n y el intercambio horizontal de conocimiento entre sus miembros, agreg\u00f3.<\/p>\n<\/p>\n<p>CUBA-ESTADOS UNIDOS <\/p>\n<\/p>\n<p>Aunque no fue el hilo central de la cumbre, el proceso hacia el restablecimiento de las relaciones diplom\u00e1ticas entre Cuba y Estados Unidos fue un punto de la agenda.<\/p>\n<\/p>\n<p>Durante su intervenci\u00f3n, el presidente cubano, Ra\u00fal Castro, explic\u00f3 que las relaciones diplom\u00e1ticas ser\u00edan el inicio de un proceso.<\/p>\n<\/p>\n<p>Gobiernos con profundas diferencias -valor\u00f3- pueden encontrar soluci\u00f3n a los problemas mediante un di\u00e1logo respetuoso e intercambios, basados en la igualdad soberana y la reciprocidad, en beneficio de sus respectivas naciones.<\/p>\n<\/p>\n<p>No obstante, aclar\u00f3 que esto no significa que Cuba renuncie a sus ideales de independencia y justicia social, ni que claudicar\u00e1 en sus principios.<\/p>\n<\/p>\n<p>Indic\u00f3 que no ser\u00e1 posible una normalizaci\u00f3n mientras permanezca el bloqueo econ\u00f3mico, comercial y financiero impuesto por Washington contra La Habana.<\/p>\n<\/p>\n<p>Dijo que el territorio ilegalmente ocupado por la Base Naval de Guant\u00e1namo debe ser devuelto a la isla, las transmisiones radiales y televisivas violatorias de las normas internacionales deber\u00e1n cesar y el pa\u00eds deber\u00e1 recibir una justa compensaci\u00f3n por los da\u00f1os humanos y econ\u00f3micos recibidos.<\/p>\n<\/p>\n<p>\u00bfC\u00f3mo explicar el restablecimiento de relaciones diplom\u00e1ticas sin que se retire a Cuba de la Lista de Estados Patrocinadores del Terrorismo Internacional?, cuestion\u00f3.<\/p>\n<\/p>\n<p>Adem\u00e1s, hizo \u00e9nfasis en la conducta de los diplom\u00e1ticos estadounidenses en La Habana, quienes deber\u00e1n acatar las normas que establecen las Convenciones Internacionales para las Relaciones Diplom\u00e1ticas y Consulares.<\/p>\n<\/p>\n<p>Durante su intervenci\u00f3n explic\u00f3 que es tambi\u00e9n necesario que se reanuden los servicios financieros a la Secci\u00f3n de Intereses de Cuba y su Oficina Consular en Washington, interrumpidos como consecuencia del bloqueo financiero.<\/p>\n<\/p>\n<p>No ser\u00eda \u00e9tico, justo ni aceptable que se pidiera a Cuba nada a cambio. Si estos problemas no se resuelven, este acercamiento diplom\u00e1tico entre Cuba y Estados Unidos no tendr\u00eda sentido, agreg\u00f3.<\/p>\n<\/p>\n<p>No puede esperarse tampoco que Cuba acepte negociar los aspectos mencionados en contra de nuestros asuntos internos, absolutamente soberanos, sentenci\u00f3.<\/p>\n<\/p>\n<p>Por su parte, el presidente de Venezuela, Nicol\u00e1s Maduro, indic\u00f3 que a\u00fan hay camino por andar para llegar a una normalizaci\u00f3n entre ambos pa\u00edses y record\u00f3 la lucha de Cuba y la persecuci\u00f3n a la que fue sometida la naci\u00f3n caribe\u00f1a en los \u00faltimos 56 a\u00f1os.<\/p>\n<\/p>\n<p>Correa exigi\u00f3 el fin del cerco, mientras que Salvador S\u00e1nchez Cer\u00e9n, de El Salvador, reiter\u00f3 la importancia de que la regi\u00f3n mantenga su llamado a poner fin a bloqueo, \u00abas\u00ed como a la infundada inclusi\u00f3n de Cuba en la lista de Estados patrocinadores del terrorismo\u00bb.<\/p>\n<\/p>\n<p>La presidenta de Brasil, Dilma Rousseff, calific\u00f3 el restablecimiento de relaciones diplom\u00e1ticas como el principio del fin del \u00faltimo resquicio de la Guerra Fr\u00eda en la regi\u00f3n.<\/p>\n<\/p>\n<p>Sobre el bloqueo, expres\u00f3 que esta medida coercitiva afecta el bienestar del pueblo cubano y perjudica el desarrollo del pa\u00eds, por lo cual debe ser cesada.<\/p>\n<\/p>\n<p>Nos parece un nuevo horizonte hist\u00f3rico en la regi\u00f3n, que esperamos sin duda se profundice con el fin del bloqueo, apunt\u00f3 la presidenta de Chile, Michelle Bachelet.<\/p>\n<\/p>\n<p>El tema fue incluido en la declaraci\u00f3n pol\u00edtica de la III Cumbre, donde este mecanismo de concertaci\u00f3n dej\u00f3 claro su profundo rechazo al cerco.<\/p>\n<\/p>\n<p>INTEGRACION, PUERTO RICO Y MALVINAS <\/p>\n<\/p>\n<p>La posici\u00f3n asumida en La Habana sobre la independencia de Puerto Rico fue reiterada en esta ocasi\u00f3n.<\/p>\n<\/p>\n<p>Los pa\u00edses miembros de la Celac se comprometieron a seguir trabajando en el marco del Derecho Internacional y las resoluciones de la ONU para lograr que la regi\u00f3n de Am\u00e9rica Latina y el Caribe sea un territorio libre de colonialismo y colonias, expres\u00f3 el texto.<\/p>\n<\/p>\n<p>La regi\u00f3n tambi\u00e9n cerr\u00f3 filas y brind\u00f3 su solidaridad a Argentina en la disputa por las Islas Malvinas, Georgias del Sur y Sandwich del Sur y sus espacios mar\u00edtimos circundantes.<\/p>\n<\/p>\n<p>Es ahora y no m\u00e1s tarde la hora de Am\u00e9rica Latina y el Caribe, asegur\u00f3 el presidente de Costa Rica, Luis Guillermo Sol\u00eds.<\/p>\n<\/p>\n<p>La Celac es reflejo de los nuevos tiempos que vive la regi\u00f3n, en la cual habitan cerca de 600 millones de personas.<\/p>\n<\/p>\n<p>El camino de la integraci\u00f3n es extenso y recorre esferas complejas como la econ\u00f3mica y la social; sin embargo, la construcci\u00f3n de un futuro viable y sustentable requiere de metas comunes y del esfuerzo colectivo.<\/p>\n<\/p>\n<p>Ecuador, naci\u00f3n que asumi\u00f3 la presidencia pro t\u00e9mpore del acuerdo, hasta enero de 2016, tiene ahora el compromiso de continuar el trabajo.<\/p>\n<\/p>\n<h6> 2015-02-09 14:03:37 <\/h6>\n<p><!--\n<link rel=\"stylesheet\" href=\"css\/bootstrap.min.css\">\n\n\n<ul class=\"pagination\">\n\t    \n\t\n\n<li >\n\t<a href='?page_no=24966'>Previous<\/a>\n\t<\/li>\n\n\n       \n    \n\n<li><a href='?page_no=1'>1<\/a><\/li>\n\n\n\n<li><a href='?page_no=2'>2<\/a><\/li>\n\n\n\n<li><a>...<\/a><\/li>\n\n\n\n<li><a href='?page_no=24965'>24965<\/a><\/li>\n\n\n\n<li><a href='?page_no=24966'>24966<\/a><\/li>\n\n\n\n<li class='active'><a>24967<\/a><\/li>\n\n\n\n<li><a href='?page_no=24968'>24968<\/a><\/li>\n\n\n\n<li><a href='?page_no=24969'>24969<\/a><\/li>\n\n\n\n<li><a>...<\/a><\/li>\n\n\n\n<li><a href='?page_no=51012'>51012<\/a><\/li>\n\n\n\n<li><a href='?page_no=51013'>51013<\/a><\/li>\n\n    \n\t\n\n<li >\n\t<a href='?page_no=24968'>Next<\/a>\n\t<\/li>\n\n\n    \n\n<li><a href='?page_no=51013'>Last &rsaquo;&rsaquo;<\/a><\/li>\n\n<\/ul>\n\n\n--><br \/>\n<\/body><\/p>\n","protected":false},"excerpt":{"rendered":"<p>La Habana, 9 de feb. (PL) Menos pobreza y m\u00e1s integraci\u00f3n regional es la ruta que esboz\u00f3 la Comunidad de Estados Latinoamericanos y Caribe\u00f1os (Celac) en su III Cumbre, organizada en Costa Rica entre el 28 y 29 de enero. El Centro de Eventos El Pedregal, ubicado a unos 10 kil\u00f3metros al oeste de la [&hellip;]<\/p>\n","protected":false},"author":3,"featured_media":0,"comment_status":"open","ping_status":"open","sticky":false,"template":"","format":"standard","meta":{"footnotes":""},"categories":[23],"tags":[],"class_list":["post-255322","post","type-post","status-publish","format-standard","hentry","category-internacional"],"_links":{"self":[{"href":"https:\/\/diariodominicano.com\/index.php?rest_route=\/wp\/v2\/posts\/255322","targetHints":{"allow":["GET"]}}],"collection":[{"href":"https:\/\/diariodominicano.com\/index.php?rest_route=\/wp\/v2\/posts"}],"about":[{"href":"https:\/\/diariodominicano.com\/index.php?rest_route=\/wp\/v2\/types\/post"}],"author":[{"embeddable":true,"href":"https:\/\/diariodominicano.com\/index.php?rest_route=\/wp\/v2\/users\/3"}],"replies":[{"embeddable":true,"href":"https:\/\/diariodominicano.com\/index.php?rest_route=%2Fwp%2Fv2%2Fcomments&post=255322"}],"version-history":[{"count":0,"href":"https:\/\/diariodominicano.com\/index.php?rest_route=\/wp\/v2\/posts\/255322\/revisions"}],"wp:attachment":[{"href":"https:\/\/diariodominicano.com\/index.php?rest_route=%2Fwp%2Fv2%2Fmedia&parent=255322"}],"wp:term":[{"taxonomy":"category","embeddable":true,"href":"https:\/\/diariodominicano.com\/index.php?rest_route=%2Fwp%2Fv2%2Fcategories&post=255322"},{"taxonomy":"post_tag","embeddable":true,"href":"https:\/\/diariodominicano.com\/index.php?rest_route=%2Fwp%2Fv2%2Ftags&post=255322"}],"curies":[{"name":"wp","href":"https:\/\/api.w.org\/{rel}","templated":true}]}}