{"id":255321,"date":"2015-02-09T14:12:10","date_gmt":"2015-02-09T14:12:10","guid":{"rendered":"http:\/\/diariodominicano.ddns.net\/?p=255321"},"modified":"2015-02-09T14:12:10","modified_gmt":"2015-02-09T14:12:10","slug":"convocan-a-reunion-de-cancilleres-de-unasur-ante-amenazas-a-venezuela","status":"publish","type":"post","link":"https:\/\/diariodominicano.com\/?p=255321","title":{"rendered":"&#13;&#13;Convocan a reuni\u00f3n de cancilleres de Unasur ante amenazas a Venezuela"},"content":{"rendered":"<p><body><\/p>\n<p><img decoding=\"async\" src=\"img3\/unasur.jpg\" \/>  <\/p>\n<p><span class=\"text1noticias\">\t\t\t<\/span><\/p>\n<p><span class=\"text1noticias\">  <\/span><\/p>\n<\/p>\n<p><span class=\"text1noticias\">Montevideo, 9 feb (PL) Uruguay ser\u00e1 sede de un pr\u00f3ximo encuentro extraordinario de los 12 cancilleres de la Uni\u00f3n de Naciones Suramericanas (Unasur) para acompa\u00f1ar a Venezuela frente a los intentos de desestabilizaci\u00f3n de Estados Unidos.<\/span><\/p>\n<\/p>\n<p><span class=\"text1noticias\">El canciller ecuatoriano, Ricardo Pati\u00f1o, hizo el anunci\u00f3 hoy tras una reuni\u00f3n aqu\u00ed del Comit\u00e9 de Cancilleres del organismo regional, a la que asistieron su secretario general, Ernesto Samper, expresidente de Colombia; y los cancilleres de Brasil, Ecuador y Venezuela.<\/span><\/p>\n<\/p>\n<p><span class=\"text1noticias\">Pati\u00f1o dijo que, luego de recibir informaciones de la ministra venezolana, Delcy Rodr\u00edguez, y de Samper, el Comit\u00e9 acord\u00f3 solicitar al canciller uruguayo, Lu\u00eds Almagro, como presidente pro t\u00e9mpore de Unasur, convocar a una pronta reuni\u00f3n sobre el tema.<\/span><\/p>\n<\/p>\n<p><span class=\"text1noticias\">Los cancilleres tambi\u00e9n acordaron procurar canales de comunicaci\u00f3n con el gobierno de Estados Unidos para lograr un dialogo directo a fin de evitar las anunciadas sanciones unilaterales norteamericanas contra Venezuela.<\/span><\/p>\n<\/p>\n<p><span class=\"text1noticias\">Pati\u00f1o subray\u00f3 que las medidas adoptadas por Estados Unidos merecen una reacci\u00f3n inmediata de Unasur en el sentido de favorecer la paz, la concordia y el di\u00e1logo.<\/span><\/p>\n<\/p>\n<p><span class=\"text1noticias\">Hemos reiterado la voluntad de Unasur de seguir contribuyendo al fortalecimiento del proceso democr\u00e1tico y del di\u00e1logo en Venezuela y estamos pendientes de lo que su gobierno nos solicite, puntualiz\u00f3.<\/span><\/p>\n<\/p>\n<p><span class=\"text1noticias\">Por su parte, la canciller de Venezuela, Delcy Rodr\u00edguez, quien calific\u00f3 la reuni\u00f3n de muy positiva, dijo que inform\u00f3 al Comit\u00e9 sobre una reuni\u00f3n sostenida en Caracas del presidente Nicol\u00e1s Maduro con Samper.<\/span><\/p>\n<\/p>\n<p><span class=\"text1noticias\">En la misma, apunt\u00f3, se abord\u00f3 la injerencia de Estados Unidos, su impacto en la gobernabilidad democr\u00e1tica en Venezuela y tambi\u00e9n en la paz en la regi\u00f3n.<\/span><\/p>\n<\/p>\n<p><span class=\"text1noticias\">Rodr\u00edguez manifest\u00f3 su alarma y preocupaci\u00f3n ante declaraciones de personeros estadounidenses, que \u00abpr\u00e1cticamente dan luz verde a los sectores opositores violentos de Venezuela para llevar adelante sus aventuras\u00bb.<\/span><\/p>\n<\/p>\n<h6> 2015-02-09 14:12:10 <\/h6>\n<p><!--\n<link rel=\"stylesheet\" href=\"css\/bootstrap.min.css\">\n\n\n<ul class=\"pagination\">\n\t    \n\t\n\n<li >\n\t<a href='?page_no=24965'>Previous<\/a>\n\t<\/li>\n\n\n       \n    \n\n<li><a href='?page_no=1'>1<\/a><\/li>\n\n\n\n<li><a href='?page_no=2'>2<\/a><\/li>\n\n\n\n<li><a>...<\/a><\/li>\n\n\n\n<li><a href='?page_no=24964'>24964<\/a><\/li>\n\n\n\n<li><a href='?page_no=24965'>24965<\/a><\/li>\n\n\n\n<li class='active'><a>24966<\/a><\/li>\n\n\n\n<li><a href='?page_no=24967'>24967<\/a><\/li>\n\n\n\n<li><a href='?page_no=24968'>24968<\/a><\/li>\n\n\n\n<li><a>...<\/a><\/li>\n\n\n\n<li><a href='?page_no=51012'>51012<\/a><\/li>\n\n\n\n<li><a href='?page_no=51013'>51013<\/a><\/li>\n\n    \n\t\n\n<li >\n\t<a href='?page_no=24967'>Next<\/a>\n\t<\/li>\n\n\n    \n\n<li><a href='?page_no=51013'>Last &rsaquo;&rsaquo;<\/a><\/li>\n\n<\/ul>\n\n\n--><br \/>\n<\/body><\/p>\n","protected":false},"excerpt":{"rendered":"<p>Montevideo, 9 feb (PL) Uruguay ser\u00e1 sede de un pr\u00f3ximo encuentro extraordinario de los 12 cancilleres de la Uni\u00f3n de Naciones Suramericanas (Unasur) para acompa\u00f1ar a Venezuela frente a los intentos de desestabilizaci\u00f3n de Estados Unidos. El canciller ecuatoriano, Ricardo Pati\u00f1o, hizo el anunci\u00f3 hoy tras una reuni\u00f3n aqu\u00ed del Comit\u00e9 de Cancilleres del organismo [&hellip;]<\/p>\n","protected":false},"author":3,"featured_media":0,"comment_status":"open","ping_status":"open","sticky":false,"template":"","format":"standard","meta":{"footnotes":""},"categories":[23],"tags":[],"class_list":["post-255321","post","type-post","status-publish","format-standard","hentry","category-internacional"],"_links":{"self":[{"href":"https:\/\/diariodominicano.com\/index.php?rest_route=\/wp\/v2\/posts\/255321","targetHints":{"allow":["GET"]}}],"collection":[{"href":"https:\/\/diariodominicano.com\/index.php?rest_route=\/wp\/v2\/posts"}],"about":[{"href":"https:\/\/diariodominicano.com\/index.php?rest_route=\/wp\/v2\/types\/post"}],"author":[{"embeddable":true,"href":"https:\/\/diariodominicano.com\/index.php?rest_route=\/wp\/v2\/users\/3"}],"replies":[{"embeddable":true,"href":"https:\/\/diariodominicano.com\/index.php?rest_route=%2Fwp%2Fv2%2Fcomments&post=255321"}],"version-history":[{"count":0,"href":"https:\/\/diariodominicano.com\/index.php?rest_route=\/wp\/v2\/posts\/255321\/revisions"}],"wp:attachment":[{"href":"https:\/\/diariodominicano.com\/index.php?rest_route=%2Fwp%2Fv2%2Fmedia&parent=255321"}],"wp:term":[{"taxonomy":"category","embeddable":true,"href":"https:\/\/diariodominicano.com\/index.php?rest_route=%2Fwp%2Fv2%2Fcategories&post=255321"},{"taxonomy":"post_tag","embeddable":true,"href":"https:\/\/diariodominicano.com\/index.php?rest_route=%2Fwp%2Fv2%2Ftags&post=255321"}],"curies":[{"name":"wp","href":"https:\/\/api.w.org\/{rel}","templated":true}]}}