{"id":255320,"date":"2015-02-09T14:19:12","date_gmt":"2015-02-09T14:19:12","guid":{"rendered":"http:\/\/diariodominicano.ddns.net\/?p=255320"},"modified":"2015-02-09T14:19:12","modified_gmt":"2015-02-09T14:19:12","slug":"onu-media-en-negociaciones-para-solucionar-crisis-de-yemen","status":"publish","type":"post","link":"https:\/\/diariodominicano.com\/?p=255320","title":{"rendered":"&#13;ONU media en negociaciones para solucionar crisis de Yemen"},"content":{"rendered":"<p><body><\/p>\n<p><img decoding=\"async\" src=\"img3\/plenarioonu.jpg\" \/>  <\/p>\n<\/p>\n<\/p>\n<p>Naciones Unidas, 9 feb (PL) El enviado de Naciones Unidas para Yemen, Jamal Benomar, auspicia hoy el retorno a las negociaciones para buscar una salida pac\u00edfica a la crisis en ese pa\u00eds de la Pen\u00ednsula Ar\u00e1biga, donde los rebeldes huti tomaron el poder.<\/p>\n<\/p>\n<p>Seg\u00fan una declaraci\u00f3n circulada aqu\u00ed, el secretario general de la ONU, Ban Ki-moon, celebr\u00f3 el anuncio de la reanudaci\u00f3n de las pl\u00e1ticas, luego de su estancamiento a finales de la semana pasada, cuando el movimiento chiita Ansar Ullah disolvi\u00f3 el Parlamento y cre\u00f3 un Consejo Nacional de Transici\u00f3n.<\/p>\n<\/p>\n<p>Las acciones militares y pol\u00edticas de la tribu huti escalaron en las \u00faltimas seis semanas hasta provocar la renuncia del presidente Abd Rabbo Mansour Hadi y otras autoridades.<\/p>\n<\/p>\n<p>El Consejo de Cooperaci\u00f3n del Golfo P\u00e9rsico rechaz\u00f3 esas acciones y mostr\u00f3 preocupaciones por el vac\u00edo de poder imperante y sus amenazas para la estabilidad regional.<\/p>\n<\/p>\n<p>En ese complejo panorama, el secretario general de Naciones Unidas felicit\u00f3 a los diferentes actores de la crisis por volver a la mesa de di\u00e1logo con el acompa\u00f1amiento de Benomar, y los inst\u00f3 a \u00abnegociar de buena fe y motivados por el compromiso\u00bb.<\/p>\n<\/p>\n<p>Ban pidi\u00f3 a las partes apoyar las gestiones de su enviado y las diferentes iniciativas nacionales y regionales para completar la transici\u00f3n en Yemen, activada en 2011 luego de la renuncia en medio de protestas del mandatario Ali Abdullah Saleh, sustituido en febrero de 2012 por Hadi.<\/p>\n<\/p>\n<p>La situaci\u00f3n del pa\u00eds asi\u00e1tico despierta alarma, ante los peligros de fragmentaci\u00f3n y del surgimiento de un escenario favorable para el auge del extremismo, en particular de la rama yemenita de Al Qaeda.<\/p>\n<h6> 2015-02-09 14:19:12 <\/h6>\n<p><!--\n<link rel=\"stylesheet\" href=\"css\/bootstrap.min.css\">\n\n\n<ul class=\"pagination\">\n\t    \n\t\n\n<li >\n\t<a href='?page_no=24964'>Previous<\/a>\n\t<\/li>\n\n\n       \n    \n\n<li><a href='?page_no=1'>1<\/a><\/li>\n\n\n\n<li><a href='?page_no=2'>2<\/a><\/li>\n\n\n\n<li><a>...<\/a><\/li>\n\n\n\n<li><a href='?page_no=24963'>24963<\/a><\/li>\n\n\n\n<li><a href='?page_no=24964'>24964<\/a><\/li>\n\n\n\n<li class='active'><a>24965<\/a><\/li>\n\n\n\n<li><a href='?page_no=24966'>24966<\/a><\/li>\n\n\n\n<li><a href='?page_no=24967'>24967<\/a><\/li>\n\n\n\n<li><a>...<\/a><\/li>\n\n\n\n<li><a href='?page_no=51012'>51012<\/a><\/li>\n\n\n\n<li><a href='?page_no=51013'>51013<\/a><\/li>\n\n    \n\t\n\n<li >\n\t<a href='?page_no=24966'>Next<\/a>\n\t<\/li>\n\n\n    \n\n<li><a href='?page_no=51013'>Last &rsaquo;&rsaquo;<\/a><\/li>\n\n<\/ul>\n\n\n--><br \/>\n<\/body><\/p>\n","protected":false},"excerpt":{"rendered":"<p>Naciones Unidas, 9 feb (PL) El enviado de Naciones Unidas para Yemen, Jamal Benomar, auspicia hoy el retorno a las negociaciones para buscar una salida pac\u00edfica a la crisis en ese pa\u00eds de la Pen\u00ednsula Ar\u00e1biga, donde los rebeldes huti tomaron el poder. Seg\u00fan una declaraci\u00f3n circulada aqu\u00ed, el secretario general de la ONU, Ban [&hellip;]<\/p>\n","protected":false},"author":3,"featured_media":0,"comment_status":"open","ping_status":"open","sticky":false,"template":"","format":"standard","meta":{"footnotes":""},"categories":[23],"tags":[],"class_list":["post-255320","post","type-post","status-publish","format-standard","hentry","category-internacional"],"_links":{"self":[{"href":"https:\/\/diariodominicano.com\/index.php?rest_route=\/wp\/v2\/posts\/255320","targetHints":{"allow":["GET"]}}],"collection":[{"href":"https:\/\/diariodominicano.com\/index.php?rest_route=\/wp\/v2\/posts"}],"about":[{"href":"https:\/\/diariodominicano.com\/index.php?rest_route=\/wp\/v2\/types\/post"}],"author":[{"embeddable":true,"href":"https:\/\/diariodominicano.com\/index.php?rest_route=\/wp\/v2\/users\/3"}],"replies":[{"embeddable":true,"href":"https:\/\/diariodominicano.com\/index.php?rest_route=%2Fwp%2Fv2%2Fcomments&post=255320"}],"version-history":[{"count":0,"href":"https:\/\/diariodominicano.com\/index.php?rest_route=\/wp\/v2\/posts\/255320\/revisions"}],"wp:attachment":[{"href":"https:\/\/diariodominicano.com\/index.php?rest_route=%2Fwp%2Fv2%2Fmedia&parent=255320"}],"wp:term":[{"taxonomy":"category","embeddable":true,"href":"https:\/\/diariodominicano.com\/index.php?rest_route=%2Fwp%2Fv2%2Fcategories&post=255320"},{"taxonomy":"post_tag","embeddable":true,"href":"https:\/\/diariodominicano.com\/index.php?rest_route=%2Fwp%2Fv2%2Ftags&post=255320"}],"curies":[{"name":"wp","href":"https:\/\/api.w.org\/{rel}","templated":true}]}}