{"id":255319,"date":"2015-02-09T14:25:50","date_gmt":"2015-02-09T14:25:50","guid":{"rendered":"http:\/\/diariodominicano.ddns.net\/?p=255319"},"modified":"2015-02-09T14:25:50","modified_gmt":"2015-02-09T14:25:50","slug":"revelan-agresiones-contra-la-prensa-en-colombia","status":"publish","type":"post","link":"https:\/\/diariodominicano.com\/?p=255319","title":{"rendered":"&#13;Revelan agresiones contra la prensa en Colombia"},"content":{"rendered":"<p><body><\/p>\n<p><span class=\"text1noticias\">\t\t\t<\/span><\/p>\n<\/p>\n<p><span class=\"text1noticias\">Bogot\u00e1, 9 feb (PL) Un total de 131 agresiones directas contra la prensa ocurrieron el pasado a\u00f1o en Colombia, hechos que perjudicaron a 164 de sus profesionales, revel\u00f3 un informe divulgado hoy por una fundaci\u00f3n encargada de monitorear los atentados al sector.<\/span><\/p>\n<\/p>\n<p><span class=\"text1noticias\">Seg\u00fan el estudio publicado por el portal digital de El Pa\u00eds, las amenazas tanto individuales como colectivas, constituyeron la modalidad de provocaci\u00f3n m\u00e1s frecuente.<\/span><\/p>\n<\/p>\n<p><span class=\"text1noticias\">Si bien las intimidaciones se redujeron de 75 en 2013 a 71 en 2014, la cifra sigue siendo preocupante, subray\u00f3 el reciente parte.<\/span><\/p>\n<\/p>\n<p><span class=\"text1noticias\">Como resultado de tales actos, 114 periodistas son amparados actualmente por la Unidad Nacional de Protecci\u00f3n, aunque algunos de ellos han denunciado fallas en los llamados esquemas o dispositivos de seguridad.<\/span><\/p>\n<\/p>\n<p><span class=\"text1noticias\">De acuerdo con el resumen presentado por la Fundaci\u00f3n para la Libertad de Prensa (FLIP), unos 16 reporteros fueron agredidos en 2014 durante la cobertura a protestas sociales.<\/span><\/p>\n<\/p>\n<p><span class=\"text1noticias\">En la misma etapa tres casos de asesinatos de periodistas prescribieron sin mayores avances en su investigaci\u00f3n judicial, lament\u00f3 la FLIP.<\/span><\/p>\n<\/p>\n<p><span class=\"text1noticias\">Uno de los hechos m\u00e1s graves fue el homicidio de Luis Carlos Cervantes el 12 de agosto, hace unos cinco meses, luego de que se le retirara la escolta con el argumento de que su vida no corr\u00eda peligro.<\/span><\/p>\n<\/p>\n<p><span class=\"text1noticias\">Cervantes hab\u00eda denunciado a autoridades del departamento de Antioquia por presunta corrupci\u00f3n, se\u00f1al\u00f3 la FLIP.<\/span><\/p>\n<\/p>\n<p><span class=\"text1noticias\">Adicionalmente de 1998 y hasta diciembre \u00faltimo se presentaron 436 denuncias contra comunicadores por los supuestos delitos de injuria y calumnia.<\/span><\/p>\n<\/p>\n<h6> 2015-02-09 14:25:50 <\/h6>\n<p><!--\n<link rel=\"stylesheet\" href=\"css\/bootstrap.min.css\">\n\n\n<ul class=\"pagination\">\n\t    \n\t\n\n<li >\n\t<a href='?page_no=24963'>Previous<\/a>\n\t<\/li>\n\n\n       \n    \n\n<li><a href='?page_no=1'>1<\/a><\/li>\n\n\n\n<li><a href='?page_no=2'>2<\/a><\/li>\n\n\n\n<li><a>...<\/a><\/li>\n\n\n\n<li><a href='?page_no=24962'>24962<\/a><\/li>\n\n\n\n<li><a href='?page_no=24963'>24963<\/a><\/li>\n\n\n\n<li class='active'><a>24964<\/a><\/li>\n\n\n\n<li><a href='?page_no=24965'>24965<\/a><\/li>\n\n\n\n<li><a href='?page_no=24966'>24966<\/a><\/li>\n\n\n\n<li><a>...<\/a><\/li>\n\n\n\n<li><a href='?page_no=51012'>51012<\/a><\/li>\n\n\n\n<li><a href='?page_no=51013'>51013<\/a><\/li>\n\n    \n\t\n\n<li >\n\t<a href='?page_no=24965'>Next<\/a>\n\t<\/li>\n\n\n    \n\n<li><a href='?page_no=51013'>Last &rsaquo;&rsaquo;<\/a><\/li>\n\n<\/ul>\n\n\n--><br \/>\n<\/body><\/p>\n","protected":false},"excerpt":{"rendered":"<p>Bogot\u00e1, 9 feb (PL) Un total de 131 agresiones directas contra la prensa ocurrieron el pasado a\u00f1o en Colombia, hechos que perjudicaron a 164 de sus profesionales, revel\u00f3 un informe divulgado hoy por una fundaci\u00f3n encargada de monitorear los atentados al sector. Seg\u00fan el estudio publicado por el portal digital de El Pa\u00eds, las amenazas [&hellip;]<\/p>\n","protected":false},"author":3,"featured_media":0,"comment_status":"open","ping_status":"open","sticky":false,"template":"","format":"standard","meta":{"footnotes":""},"categories":[23],"tags":[],"class_list":["post-255319","post","type-post","status-publish","format-standard","hentry","category-internacional"],"_links":{"self":[{"href":"https:\/\/diariodominicano.com\/index.php?rest_route=\/wp\/v2\/posts\/255319","targetHints":{"allow":["GET"]}}],"collection":[{"href":"https:\/\/diariodominicano.com\/index.php?rest_route=\/wp\/v2\/posts"}],"about":[{"href":"https:\/\/diariodominicano.com\/index.php?rest_route=\/wp\/v2\/types\/post"}],"author":[{"embeddable":true,"href":"https:\/\/diariodominicano.com\/index.php?rest_route=\/wp\/v2\/users\/3"}],"replies":[{"embeddable":true,"href":"https:\/\/diariodominicano.com\/index.php?rest_route=%2Fwp%2Fv2%2Fcomments&post=255319"}],"version-history":[{"count":0,"href":"https:\/\/diariodominicano.com\/index.php?rest_route=\/wp\/v2\/posts\/255319\/revisions"}],"wp:attachment":[{"href":"https:\/\/diariodominicano.com\/index.php?rest_route=%2Fwp%2Fv2%2Fmedia&parent=255319"}],"wp:term":[{"taxonomy":"category","embeddable":true,"href":"https:\/\/diariodominicano.com\/index.php?rest_route=%2Fwp%2Fv2%2Fcategories&post=255319"},{"taxonomy":"post_tag","embeddable":true,"href":"https:\/\/diariodominicano.com\/index.php?rest_route=%2Fwp%2Fv2%2Ftags&post=255319"}],"curies":[{"name":"wp","href":"https:\/\/api.w.org\/{rel}","templated":true}]}}