{"id":255317,"date":"2015-02-10T09:26:25","date_gmt":"2015-02-10T09:26:25","guid":{"rendered":"http:\/\/diariodominicano.ddns.net\/?p=255317"},"modified":"2015-02-10T09:26:25","modified_gmt":"2015-02-10T09:26:25","slug":"checo-se-escondia-en-rd-enfrenta-mas-de-100-cargos-criminales-en-estados-unidos","status":"publish","type":"post","link":"https:\/\/diariodominicano.com\/?p=255317","title":{"rendered":"Checo se escond\u00eda en RD enfrenta m\u00e1s de 100 cargos criminales en Estados Unidos"},"content":{"rendered":"<p><body><\/p>\n<p><img decoding=\"async\" src=\"img3\/malo 10.jpg\" \/>  <\/p>\n<p>Nueva York 10 febrero.- La Rep\u00fablica Dominicana aparenta ser uno de los escondites preferidos para criminales, delincuentes, estafadores, mafiosos, pol\u00edticos corruptos y terroristas internacionales.<\/p>\n<\/p>\n<p>El caso m\u00e1s reciente llama la atenci\u00f3n porque el fugitivo checo Ivan Vaclavik, quien llevaba a\u00f1os esquivando la deportaci\u00f3n y huyendo de la justicia internacional, logr\u00f3 esconderse en la Rep\u00fablica Dominicana y la semana pasada fue capturado en West Palm Beach (La Florida), despu\u00e9s que reentrara ilegalmente a los Estados Unidos.<\/p>\n<\/p>\n<p>A las autoridades migratorias norteamericanas les tom\u00f3 37 a\u00f1os lograr su repatriaci\u00f3n. El sospechoso, de 67 a\u00f1os de edad y exresidente en Boston, enfrenta 100 cargos criminales. Hab\u00eda sido deportado a la Rep\u00fablica Checa, su pa\u00eds natal a finales del 2013, despu\u00e9s de haber esquivado la repatriaci\u00f3n.<\/p>\n<\/p>\n<p>En julio del 2014, logr\u00f3 cruzar en una balsa el R\u00edo Grande en la frontera de M\u00e9xico y Texas, siendo capturado nuevamente y otra vez deportado a Checoslovaquia, pero en enero, reentr\u00f3 ilegalmente y fue detenido una vez m\u00e1s por la Guardia Costera en una lancha en costas de La Florida.<\/p>\n<\/p>\n<p>Se recuerda que cuatro terroristas vinculados a la red Al Qaeda vacacionaron en el pa\u00eds caribe\u00f1o en a\u00f1os recientes. Los primeros fueron implicados en el brutal ataque a las torres gemelas el 11 de septiembre del 2001 en Nueva York y los segundos, la pareja francesa que particip\u00f3 en el ataque a las oficinas de la revista Charlie Hebdo en Par\u00eds, con saldo de 12 muertos y docenas de heridos.<\/p>\n<\/p>\n<p>En esta ocasi\u00f3n, el ciudadano checo fue acusado este lunes 9 de febrero en una corte federal de La Florida por cargos m\u00e1s graves, por los que podr\u00eda ser condenado a 10 a\u00f1os en la c\u00e1rcel junto al capit\u00e1n de la lancha.<\/p>\n<\/p>\n<p>Inmigraci\u00f3n de Estados Unidos culpa por el retraso en la deportaci\u00f3n al gobierno checo, por no haberle emitido un pasaporte en el plazo requerido.<\/p>\n<\/p>\n<p>El congresista republicano Ted Poe, dijo que se debe endurecer el castigo a los pa\u00edses que se nieguen o se retrasen en recibir a sus ciudadanos deportados desde Estados Unidos.<\/p>\n<\/p>\n<p>Present\u00f3 hace d\u00edas, un proyecto de ley que de ser aprobado, restringir\u00eda las visas a diplom\u00e1ticos de esos pa\u00edses.<\/p>\n<\/p>\n<p>El republicano dijo que \u00abes f\u00e1cil cruzar la frontera de Estados Unidos y por eso, estamos recibiendo al bueno, al malo y al feo\u00bb.<\/p>\n<\/p>\n<p>El fugitivo checo lleg\u00f3 por primera vez a Estados Unidos en 1974 y era aparentemente un hombre erudito en sus 20 a\u00f1os de edad. Dec\u00eda que era un arquitecto graduado en su pa\u00eds y se qued\u00f3 ilegalmente viviendo en habitaciones alquiladas en Boston.<\/p>\n<\/p>\n<p>Aunque no parec\u00eda estar empleado, pagaba al d\u00eda sus cuentas y era propietario de un carro Audi. Su primera deportaci\u00f3n se orden\u00f3 en 1976, pero nunca se fue a pesar de su largo historial criminal.<\/p>\n<\/p>\n<p>Parte de su prontuario muestra delitos como robo, robo con allanamiento de moradas y asaltos para atracar. Estuvo en la c\u00e1rcel. En el 2005 atac\u00f3 a un residente de Boston en un restaurante de la cadena Starbucks y en el 2005, entr\u00f3 a un hotel y se acerc\u00f3 a una ni\u00f1a de 11 a\u00f1os de edad.<\/p>\n<\/p>\n<p>Durante a\u00f1os, inmigraci\u00f3n trat\u00f3 de que el gobierno checo le emitiera un pasaporte, sin cuyo documento no pod\u00eda regresar a su pa\u00eds, pero las autoridades tuvieron que dejarlo en libertad en Estados Unidos.<\/p>\n<\/p>\n<p>La ley federal dice que inmigraci\u00f3n no puede retener indefinidamente a extranjeros, si no puede deportarlos a sus pa\u00edses.<\/p>\n<\/p>\n<p>En el 2013, finalmente le dieron el pasaporte checo y fue deportado. El 3 de julio fue capturado por la Guardia Fronteriza en el poblado Mission, en la frontera con Texas.<\/p>\n<\/p>\n<p>Lo acusaron de reentrar ilegalmente a Estados Unidos, se declar\u00f3 culpable y fue sentenciado a cuatro meses en la c\u00e1rcel, menos que el promedio nacional de condenas para esos casos, que es de 10 meses. Pag\u00f3 una cuota de $10 d\u00f3lares.<\/p>\n<\/p>\n<p>El sospechoso, confes\u00f3 a inmigraci\u00f3n en La Florida que despu\u00e9s de ser deportado en el 2013, viaj\u00f3 desde su pa\u00eds a la Rep\u00fablica Dominicana y despu\u00e9s a Las Bahamas, donde abord\u00f3 la lancha, en compa\u00f1\u00eda de varios brasile\u00f1os que dijeron haber pagado $14.000 d\u00f3lares para llegar de contrabando a los Estados Unidos.<\/p>\n<\/p>\n<p>Est\u00e1 detenido en una c\u00e1rcel de West Palm Beach en La Florida, a la espera de chequeo m\u00e9dico para luego ser acusado en la corte federal de esa ciudad, seg\u00fan confirm\u00f3 la oficina del fiscal federal.<\/p>\n<h6> 2015-02-10 09:26:25 <\/h6>\n<p><!--\n<link rel=\"stylesheet\" href=\"css\/bootstrap.min.css\">\n\n\n<ul class=\"pagination\">\n\t    \n\t\n\n<li >\n\t<a href='?page_no=24961'>Previous<\/a>\n\t<\/li>\n\n\n       \n    \n\n<li><a href='?page_no=1'>1<\/a><\/li>\n\n\n\n<li><a href='?page_no=2'>2<\/a><\/li>\n\n\n\n<li><a>...<\/a><\/li>\n\n\n\n<li><a href='?page_no=24960'>24960<\/a><\/li>\n\n\n\n<li><a href='?page_no=24961'>24961<\/a><\/li>\n\n\n\n<li class='active'><a>24962<\/a><\/li>\n\n\n\n<li><a href='?page_no=24963'>24963<\/a><\/li>\n\n\n\n<li><a href='?page_no=24964'>24964<\/a><\/li>\n\n\n\n<li><a>...<\/a><\/li>\n\n\n\n<li><a href='?page_no=51012'>51012<\/a><\/li>\n\n\n\n<li><a href='?page_no=51013'>51013<\/a><\/li>\n\n    \n\t\n\n<li >\n\t<a href='?page_no=24963'>Next<\/a>\n\t<\/li>\n\n\n    \n\n<li><a href='?page_no=51013'>Last &rsaquo;&rsaquo;<\/a><\/li>\n\n<\/ul>\n\n\n--><br \/>\n<\/body><\/p>\n","protected":false},"excerpt":{"rendered":"<p>Nueva York 10 febrero.- La Rep\u00fablica Dominicana aparenta ser uno de los escondites preferidos para criminales, delincuentes, estafadores, mafiosos, pol\u00edticos corruptos y terroristas internacionales. El caso m\u00e1s reciente llama la atenci\u00f3n porque el fugitivo checo Ivan Vaclavik, quien llevaba a\u00f1os esquivando la deportaci\u00f3n y huyendo de la justicia internacional, logr\u00f3 esconderse en la Rep\u00fablica Dominicana [&hellip;]<\/p>\n","protected":false},"author":3,"featured_media":0,"comment_status":"open","ping_status":"open","sticky":false,"template":"","format":"standard","meta":{"footnotes":""},"categories":[23],"tags":[],"class_list":["post-255317","post","type-post","status-publish","format-standard","hentry","category-internacional"],"_links":{"self":[{"href":"https:\/\/diariodominicano.com\/index.php?rest_route=\/wp\/v2\/posts\/255317","targetHints":{"allow":["GET"]}}],"collection":[{"href":"https:\/\/diariodominicano.com\/index.php?rest_route=\/wp\/v2\/posts"}],"about":[{"href":"https:\/\/diariodominicano.com\/index.php?rest_route=\/wp\/v2\/types\/post"}],"author":[{"embeddable":true,"href":"https:\/\/diariodominicano.com\/index.php?rest_route=\/wp\/v2\/users\/3"}],"replies":[{"embeddable":true,"href":"https:\/\/diariodominicano.com\/index.php?rest_route=%2Fwp%2Fv2%2Fcomments&post=255317"}],"version-history":[{"count":0,"href":"https:\/\/diariodominicano.com\/index.php?rest_route=\/wp\/v2\/posts\/255317\/revisions"}],"wp:attachment":[{"href":"https:\/\/diariodominicano.com\/index.php?rest_route=%2Fwp%2Fv2%2Fmedia&parent=255317"}],"wp:term":[{"taxonomy":"category","embeddable":true,"href":"https:\/\/diariodominicano.com\/index.php?rest_route=%2Fwp%2Fv2%2Fcategories&post=255317"},{"taxonomy":"post_tag","embeddable":true,"href":"https:\/\/diariodominicano.com\/index.php?rest_route=%2Fwp%2Fv2%2Ftags&post=255317"}],"curies":[{"name":"wp","href":"https:\/\/api.w.org\/{rel}","templated":true}]}}