{"id":255316,"date":"2015-02-10T13:32:31","date_gmt":"2015-02-10T13:32:31","guid":{"rendered":"http:\/\/diariodominicano.ddns.net\/?p=255316"},"modified":"2015-02-10T13:32:31","modified_gmt":"2015-02-10T13:32:31","slug":"bashar-al-assad-reafirma-disposicion-a-un-dialogo-nacional-en-siria","status":"publish","type":"post","link":"https:\/\/diariodominicano.com\/?p=255316","title":{"rendered":"Bashar Al-Assad reafirma disposici\u00f3n a un di\u00e1logo nacional en Siria"},"content":{"rendered":"<p><body><\/p>\n<p><img decoding=\"async\" src=\"img3\/bashar-alassadsentado.jpg\" \/>  <\/p>\n<p><span class=\"text1noticias\">\t\t<\/span><\/p>\n<p><span class=\"text1noticias\">  <\/span><\/p>\n<\/p>\n<p><span class=\"text1noticias\">Damasco, 10 feb (PL) Siria decidi\u00f3 luchar contra el terrorismo y entablar un di\u00e1logo nacional, y no puede estar en alianza con naciones que lo apoyan, afirm\u00f3 el presidente Bashar Al-Assad. <\/span><\/p>\n<\/p>\n<p><span class=\"text1noticias\">En una entrevista divulgada hoy por la prensa internacional, Al-Assad subray\u00f3 que la mayor\u00eda de los pa\u00edses que integran la coalici\u00f3n que lidera Estados Unidos apoyan al terrorismo, y lo importante para Siria es mantener su independencia.<\/span><\/p>\n<p><span class=\"text1noticias\">\u00abNo convertirnos en un t\u00edtere que trabaja en contra de nuestros propios intereses\u00bb, declar\u00f3 el mandatario sirio a la cadena British Broadcasting Corporation (BBC).<\/span><\/p>\n<\/p>\n<p><span class=\"text1noticias\">El l\u00edder sirio agreg\u00f3 que la fuente ideol\u00f3gica de la organizaci\u00f3n terrorista Estado Isl\u00e1mico (EI) y de otros grupos vinculados con Al-Qaeda es el wahabismo, que cuenta con el respaldo de la familia real saudita.<\/span><\/p>\n<\/p>\n<p><span class=\"text1noticias\">Insisti\u00f3 que desde el comienzo de la crisis en su pa\u00eds se tom\u00f3 la decisi\u00f3n de luchar contra el terrorismo y de llevar a cabo un di\u00e1logo a nivel nacional.<\/span><\/p>\n<\/p>\n<p><span class=\"text1noticias\">\u00abCualquier guerra es mala y en cada una de ellas caen v\u00edctimas civiles, y el gobierno ha tomado la decisi\u00f3n de luchar contra el terrorismo para defender a los civiles\u00bb, dijo Al-Assad.<\/span><\/p>\n<\/p>\n<p><span class=\"text1noticias\">El presidente sirio rechaz\u00f3 las acusaciones contra su gobierno respecto a supuestas violaciones de derechos humanos contra la poblaci\u00f3n civil, enarboladas por las potencias occidentales encabezadas por Estados Unidos.<\/span><\/p>\n<\/p>\n<p><span class=\"text1noticias\">\u00abSi fu\u00e9ramos los que matamos a nuestro pueblo como alega Occidente, no hubi\u00e9ramos permanecido firmes durante todo este per\u00edodo de cuatro a\u00f1os, y es imposible que el gobierno, el ej\u00e9rcito y las instituciones del Estado permanezcan sin el apoyo popular\u00bb, aclar\u00f3 el mandatario.<\/span><\/p>\n<\/p>\n<p><span class=\"text1noticias\">\u00abCuando uno goza de apoyo popular -coment\u00f3 Al-Assad-, esto significa que se defiende al pueblo\u00bb.<\/span><\/p>\n<\/p>\n<p><span class=\"text1noticias\">Critic\u00f3 tambi\u00e9n la persistencia de los pa\u00edses occidentales que tratan de presentar como una oposici\u00f3n moderada, a bandas armadas que comparten las ra\u00edces terroristas del autoproclamado grupo Estado Isl\u00e1mico y el Frente Al-Nusra.<\/span><\/p>\n<\/p>\n<p><span class=\"text1noticias\">Al-Assad refut\u00f3 en\u00e9rgicamente las recientes acusaciones hechas por la organizaci\u00f3n Human Rights Watch, de que las fuerzas del ej\u00e9rcito sirio atacan brutal y deliberadamente a las zonas controladas por la oposici\u00f3n armada, utilizando armas que no discriminan entre combatientes y civiles.<\/span><\/p>\n<\/p>\n<p><span class=\"text1noticias\">\u00abEstas historias son tontas y Occidente las sigue repitiendo\u00bb, enfatiz\u00f3 el mandatario sirio.<\/span><\/p>\n<\/p>\n<h6> 2015-02-10 13:32:31 <\/h6>\n<p><!--\n<link rel=\"stylesheet\" href=\"css\/bootstrap.min.css\">\n\n\n<ul class=\"pagination\">\n\t    \n\t\n\n<li >\n\t<a href='?page_no=24960'>Previous<\/a>\n\t<\/li>\n\n\n       \n    \n\n<li><a href='?page_no=1'>1<\/a><\/li>\n\n\n\n<li><a href='?page_no=2'>2<\/a><\/li>\n\n\n\n<li><a>...<\/a><\/li>\n\n\n\n<li><a href='?page_no=24959'>24959<\/a><\/li>\n\n\n\n<li><a href='?page_no=24960'>24960<\/a><\/li>\n\n\n\n<li class='active'><a>24961<\/a><\/li>\n\n\n\n<li><a href='?page_no=24962'>24962<\/a><\/li>\n\n\n\n<li><a href='?page_no=24963'>24963<\/a><\/li>\n\n\n\n<li><a>...<\/a><\/li>\n\n\n\n<li><a href='?page_no=51012'>51012<\/a><\/li>\n\n\n\n<li><a href='?page_no=51013'>51013<\/a><\/li>\n\n    \n\t\n\n<li >\n\t<a href='?page_no=24962'>Next<\/a>\n\t<\/li>\n\n\n    \n\n<li><a href='?page_no=51013'>Last &rsaquo;&rsaquo;<\/a><\/li>\n\n<\/ul>\n\n\n--><br \/>\n<\/body><\/p>\n","protected":false},"excerpt":{"rendered":"<p>Damasco, 10 feb (PL) Siria decidi\u00f3 luchar contra el terrorismo y entablar un di\u00e1logo nacional, y no puede estar en alianza con naciones que lo apoyan, afirm\u00f3 el presidente Bashar Al-Assad. En una entrevista divulgada hoy por la prensa internacional, Al-Assad subray\u00f3 que la mayor\u00eda de los pa\u00edses que integran la coalici\u00f3n que lidera Estados [&hellip;]<\/p>\n","protected":false},"author":3,"featured_media":0,"comment_status":"open","ping_status":"open","sticky":false,"template":"","format":"standard","meta":{"footnotes":""},"categories":[23],"tags":[],"class_list":["post-255316","post","type-post","status-publish","format-standard","hentry","category-internacional"],"_links":{"self":[{"href":"https:\/\/diariodominicano.com\/index.php?rest_route=\/wp\/v2\/posts\/255316","targetHints":{"allow":["GET"]}}],"collection":[{"href":"https:\/\/diariodominicano.com\/index.php?rest_route=\/wp\/v2\/posts"}],"about":[{"href":"https:\/\/diariodominicano.com\/index.php?rest_route=\/wp\/v2\/types\/post"}],"author":[{"embeddable":true,"href":"https:\/\/diariodominicano.com\/index.php?rest_route=\/wp\/v2\/users\/3"}],"replies":[{"embeddable":true,"href":"https:\/\/diariodominicano.com\/index.php?rest_route=%2Fwp%2Fv2%2Fcomments&post=255316"}],"version-history":[{"count":0,"href":"https:\/\/diariodominicano.com\/index.php?rest_route=\/wp\/v2\/posts\/255316\/revisions"}],"wp:attachment":[{"href":"https:\/\/diariodominicano.com\/index.php?rest_route=%2Fwp%2Fv2%2Fmedia&parent=255316"}],"wp:term":[{"taxonomy":"category","embeddable":true,"href":"https:\/\/diariodominicano.com\/index.php?rest_route=%2Fwp%2Fv2%2Fcategories&post=255316"},{"taxonomy":"post_tag","embeddable":true,"href":"https:\/\/diariodominicano.com\/index.php?rest_route=%2Fwp%2Fv2%2Ftags&post=255316"}],"curies":[{"name":"wp","href":"https:\/\/api.w.org\/{rel}","templated":true}]}}