{"id":255315,"date":"2015-02-10T13:37:09","date_gmt":"2015-02-10T13:37:09","guid":{"rendered":"http:\/\/diariodominicano.ddns.net\/?p=255315"},"modified":"2015-02-10T13:37:09","modified_gmt":"2015-02-10T13:37:09","slug":"panel-del-senado-aprueba-a-ashton-carter-como-jefe-del-pentagono","status":"publish","type":"post","link":"https:\/\/diariodominicano.com\/?p=255315","title":{"rendered":"&#13;Panel del Senado aprueba a Ashton Carter como jefe del Pent\u00e1gono"},"content":{"rendered":"<p><body><\/p>\n<p><img decoding=\"async\" src=\"img3\/eeuu-carter.jpg\" \/>  <\/p>\n<p><span class=\"text1noticias\">\t\t<\/span><\/p>\n<p><span class=\"text1noticias\">  <\/span><\/p>\n<\/p>\n<p><span class=\"text1noticias\">Washington, 10 feb (PL) El Comit\u00e9 de Servicios Armados del Senado de Estados Unidos aprob\u00f3 hoy por unanimidad la nominaci\u00f3n de Ashton Carter como nuevo secretario de Defensa, en sustituci\u00f3n de Charles Hagel.<\/span><\/p>\n<\/p>\n<p><span class=\"text1noticias\">El presidente de ese panel legislativo, el republicano John McCain, dijo que es muy probable que el plenario de la C\u00e1mara alta analice y confirme a Carter muy pronto, quiz\u00e1s ma\u00f1ana.<\/span><\/p>\n<\/p>\n<p><span class=\"text1noticias\">Carter se\u00f1al\u00f3 recientemente que es partidario de entregar armamento al ej\u00e9rcito de Ucrania para frenar el avance que han tenido en las \u00faltimas semanas los rebeldes que operan en el sureste de esa naci\u00f3n europea.<\/span><\/p>\n<\/p>\n<p><span class=\"text1noticias\">El aspirante a jefe del Pent\u00e1gono tambi\u00e9n prometi\u00f3 hacer un uso m\u00e1s racional del presupuesto, pero solicit\u00f3 al Congreso que garantice la estabilidad en el otorgamiento de los fondos.<\/span><\/p>\n<\/p>\n<p><span class=\"text1noticias\">Carter -de 60 a\u00f1os y con experiencia de trabajo en altas esferas del Pent\u00e1gono entre 2009 y 2013- es especialista en temas de armamento y seguridad nacional; posee un doctorado en f\u00edsica te\u00f3rica por la Universidad de Oxford y estudi\u00f3 f\u00edsica e historia medieval en Yale.<\/span><\/p>\n<\/p>\n<p><span class=\"text1noticias\">Si es finalmente confirmado, Carter ser\u00eda el cuarto secretario de Defensa de la administraci\u00f3n del presidente Barack Obama, antecedido por Robert Gates, Leon Panetta y Hagel.<\/span><\/p>\n<\/p>\n<h6> 2015-02-10 13:37:09 <\/h6>\n<p><!--\n<link rel=\"stylesheet\" href=\"css\/bootstrap.min.css\">\n\n\n<ul class=\"pagination\">\n\t    \n\t\n\n<li >\n\t<a href='?page_no=24959'>Previous<\/a>\n\t<\/li>\n\n\n       \n    \n\n<li><a href='?page_no=1'>1<\/a><\/li>\n\n\n\n<li><a href='?page_no=2'>2<\/a><\/li>\n\n\n\n<li><a>...<\/a><\/li>\n\n\n\n<li><a href='?page_no=24958'>24958<\/a><\/li>\n\n\n\n<li><a href='?page_no=24959'>24959<\/a><\/li>\n\n\n\n<li class='active'><a>24960<\/a><\/li>\n\n\n\n<li><a href='?page_no=24961'>24961<\/a><\/li>\n\n\n\n<li><a href='?page_no=24962'>24962<\/a><\/li>\n\n\n\n<li><a>...<\/a><\/li>\n\n\n\n<li><a href='?page_no=51012'>51012<\/a><\/li>\n\n\n\n<li><a href='?page_no=51013'>51013<\/a><\/li>\n\n    \n\t\n\n<li >\n\t<a href='?page_no=24961'>Next<\/a>\n\t<\/li>\n\n\n    \n\n<li><a href='?page_no=51013'>Last &rsaquo;&rsaquo;<\/a><\/li>\n\n<\/ul>\n\n\n--><br \/>\n<\/body><\/p>\n","protected":false},"excerpt":{"rendered":"<p>Washington, 10 feb (PL) El Comit\u00e9 de Servicios Armados del Senado de Estados Unidos aprob\u00f3 hoy por unanimidad la nominaci\u00f3n de Ashton Carter como nuevo secretario de Defensa, en sustituci\u00f3n de Charles Hagel. El presidente de ese panel legislativo, el republicano John McCain, dijo que es muy probable que el plenario de la C\u00e1mara alta [&hellip;]<\/p>\n","protected":false},"author":3,"featured_media":0,"comment_status":"open","ping_status":"open","sticky":false,"template":"","format":"standard","meta":{"footnotes":""},"categories":[23],"tags":[],"class_list":["post-255315","post","type-post","status-publish","format-standard","hentry","category-internacional"],"_links":{"self":[{"href":"https:\/\/diariodominicano.com\/index.php?rest_route=\/wp\/v2\/posts\/255315","targetHints":{"allow":["GET"]}}],"collection":[{"href":"https:\/\/diariodominicano.com\/index.php?rest_route=\/wp\/v2\/posts"}],"about":[{"href":"https:\/\/diariodominicano.com\/index.php?rest_route=\/wp\/v2\/types\/post"}],"author":[{"embeddable":true,"href":"https:\/\/diariodominicano.com\/index.php?rest_route=\/wp\/v2\/users\/3"}],"replies":[{"embeddable":true,"href":"https:\/\/diariodominicano.com\/index.php?rest_route=%2Fwp%2Fv2%2Fcomments&post=255315"}],"version-history":[{"count":0,"href":"https:\/\/diariodominicano.com\/index.php?rest_route=\/wp\/v2\/posts\/255315\/revisions"}],"wp:attachment":[{"href":"https:\/\/diariodominicano.com\/index.php?rest_route=%2Fwp%2Fv2%2Fmedia&parent=255315"}],"wp:term":[{"taxonomy":"category","embeddable":true,"href":"https:\/\/diariodominicano.com\/index.php?rest_route=%2Fwp%2Fv2%2Fcategories&post=255315"},{"taxonomy":"post_tag","embeddable":true,"href":"https:\/\/diariodominicano.com\/index.php?rest_route=%2Fwp%2Fv2%2Ftags&post=255315"}],"curies":[{"name":"wp","href":"https:\/\/api.w.org\/{rel}","templated":true}]}}