{"id":255314,"date":"2015-02-10T13:42:28","date_gmt":"2015-02-10T13:42:28","guid":{"rendered":"http:\/\/diariodominicano.ddns.net\/?p=255314"},"modified":"2015-02-10T13:42:28","modified_gmt":"2015-02-10T13:42:28","slug":"fiscal-venezolana-denuncia-campana-para-distorsionar-actos-violentos","status":"publish","type":"post","link":"https:\/\/diariodominicano.com\/?p=255314","title":{"rendered":"&#13;&#13;Fiscal venezolana denuncia campa\u00f1a para distorsionar actos violentos"},"content":{"rendered":"<p><body><\/p>\n<p><img decoding=\"async\" src=\"img3\/luisa-ortega.jpg\" \/>  <\/p>\n<p><span class=\"text1noticias\">\t\t<\/span><\/p>\n<p><span class=\"text1noticias\">  <\/span><\/p>\n<\/p>\n<p><span class=\"text1noticias\">Caracas, 10 feb (PL) La Fiscal General de Venezuela, Luisa Ortega, denunci\u00f3 hoy una campa\u00f1a internacional para mostrar a las v\u00edctimas de acciones violentas promovidas por la derecha local como resultado de una pol\u00edtica de Estado contra los derechos humanos.<\/span><\/p>\n<\/p>\n<p><span class=\"text1noticias\">Bajo ese argumento, Estados Unidos \u00abviolando la soberan\u00eda pol\u00edtica y jurisdiccional\u00bb dict\u00f3 una ley que autoriza a su Gobierno a sancionar funcionarios locales por presunta violaci\u00f3n de esos derechos, dice la magistrada en un art\u00edculo publicado en el diario \u00daltimas Noticias.<\/span><\/p>\n<\/p>\n<p><span class=\"text1noticias\">Mientras, pretenden hacer ver como \u00abprotectores\u00bb a quienes han pisoteado las garant\u00edas fundamentales de numerosos pueblos en cr\u00edmenes de guerra y de lesa humanidad, a\u00f1adi\u00f3.<\/span><\/p>\n<\/p>\n<p><span class=\"text1noticias\">Ante tal escenario, Ortega llam\u00f3 a los sectores democr\u00e1ticos del continente a impedir esa maniobra y reivindicar la conducta de quienes \u00abacompa\u00f1an a sus pueblos en la conquista de los DD.HH., como la alimentaci\u00f3n, la salud, la vivienda y las libertades pol\u00edticas\u00bb.<\/span><\/p>\n<\/p>\n<p><span class=\"text1noticias\">\u00abLas luchas sociales que persiguen aut\u00e9nticas reivindicaciones de sectores populares se diferencian ampliamente de las acciones callejeras, cuyo \u00fanico prop\u00f3sito es crear ingobernabilidad y, por ende, inestabilidad pol\u00edtica\u00bb, se\u00f1al\u00f3.<\/span><\/p>\n<\/p>\n<p><span class=\"text1noticias\">En Venezuela, las llamadas guarimbas fueron disturbios violentos de agrupaciones opositoras que persegu\u00edan el poder pol\u00edtico, consider\u00f3 la Fiscal.<\/span><\/p>\n<\/p>\n<p><span class=\"text1noticias\">Ahora, sectores pol\u00edticos internacionales aliados con otros internos tratan de crear una distorsionada matriz de opini\u00f3n sobre tales eventos, reiter\u00f3.<\/span><\/p>\n<\/p>\n<p><span class=\"text1noticias\">Las v\u00edctimas de la guarimba reciben por parte del estado el trato que merecen en materia de derechos humanos, destac\u00f3 Ortega en una conferencia de prensa efectuada este martes.<\/span><\/p>\n<\/p>\n<p><span class=\"text1noticias\">Las autoridades se han ajustado al debido proceso con el fin de resarcir el da\u00f1o y sancionar a los responsables de las agresiones, apunt\u00f3.<\/span><\/p>\n<\/p>\n<p><span class=\"text1noticias\">Pero las matrices de opini\u00f3n generadas en torno a estos hechos no favorecen a esclarecer los casos, alert\u00f3.<\/span><\/p>\n<\/p>\n<p><span class=\"text1noticias\">Desde el 12 de febrero hasta finales de junio de 2014, en Venezuela ocurrieron manifestaciones violentas y acciones delictivas en contra de la paz, las cuales dejaron 43 personas fallecidas y 878 lesionadas, record\u00f3.<\/span><\/p>\n<\/p>\n<h6> 2015-02-10 13:42:28 <\/h6>\n<p><!--\n<link rel=\"stylesheet\" href=\"css\/bootstrap.min.css\">\n\n\n<ul class=\"pagination\">\n\t    \n\t\n\n<li >\n\t<a href='?page_no=24958'>Previous<\/a>\n\t<\/li>\n\n\n       \n    \n\n<li><a href='?page_no=1'>1<\/a><\/li>\n\n\n\n<li><a href='?page_no=2'>2<\/a><\/li>\n\n\n\n<li><a>...<\/a><\/li>\n\n\n\n<li><a href='?page_no=24957'>24957<\/a><\/li>\n\n\n\n<li><a href='?page_no=24958'>24958<\/a><\/li>\n\n\n\n<li class='active'><a>24959<\/a><\/li>\n\n\n\n<li><a href='?page_no=24960'>24960<\/a><\/li>\n\n\n\n<li><a href='?page_no=24961'>24961<\/a><\/li>\n\n\n\n<li><a>...<\/a><\/li>\n\n\n\n<li><a href='?page_no=51012'>51012<\/a><\/li>\n\n\n\n<li><a href='?page_no=51013'>51013<\/a><\/li>\n\n    \n\t\n\n<li >\n\t<a href='?page_no=24960'>Next<\/a>\n\t<\/li>\n\n\n    \n\n<li><a href='?page_no=51013'>Last &rsaquo;&rsaquo;<\/a><\/li>\n\n<\/ul>\n\n\n--><br \/>\n<\/body><\/p>\n","protected":false},"excerpt":{"rendered":"<p>Caracas, 10 feb (PL) La Fiscal General de Venezuela, Luisa Ortega, denunci\u00f3 hoy una campa\u00f1a internacional para mostrar a las v\u00edctimas de acciones violentas promovidas por la derecha local como resultado de una pol\u00edtica de Estado contra los derechos humanos. Bajo ese argumento, Estados Unidos \u00abviolando la soberan\u00eda pol\u00edtica y jurisdiccional\u00bb dict\u00f3 una ley que [&hellip;]<\/p>\n","protected":false},"author":3,"featured_media":0,"comment_status":"open","ping_status":"open","sticky":false,"template":"","format":"standard","meta":{"footnotes":""},"categories":[23],"tags":[],"class_list":["post-255314","post","type-post","status-publish","format-standard","hentry","category-internacional"],"_links":{"self":[{"href":"https:\/\/diariodominicano.com\/index.php?rest_route=\/wp\/v2\/posts\/255314","targetHints":{"allow":["GET"]}}],"collection":[{"href":"https:\/\/diariodominicano.com\/index.php?rest_route=\/wp\/v2\/posts"}],"about":[{"href":"https:\/\/diariodominicano.com\/index.php?rest_route=\/wp\/v2\/types\/post"}],"author":[{"embeddable":true,"href":"https:\/\/diariodominicano.com\/index.php?rest_route=\/wp\/v2\/users\/3"}],"replies":[{"embeddable":true,"href":"https:\/\/diariodominicano.com\/index.php?rest_route=%2Fwp%2Fv2%2Fcomments&post=255314"}],"version-history":[{"count":0,"href":"https:\/\/diariodominicano.com\/index.php?rest_route=\/wp\/v2\/posts\/255314\/revisions"}],"wp:attachment":[{"href":"https:\/\/diariodominicano.com\/index.php?rest_route=%2Fwp%2Fv2%2Fmedia&parent=255314"}],"wp:term":[{"taxonomy":"category","embeddable":true,"href":"https:\/\/diariodominicano.com\/index.php?rest_route=%2Fwp%2Fv2%2Fcategories&post=255314"},{"taxonomy":"post_tag","embeddable":true,"href":"https:\/\/diariodominicano.com\/index.php?rest_route=%2Fwp%2Fv2%2Ftags&post=255314"}],"curies":[{"name":"wp","href":"https:\/\/api.w.org\/{rel}","templated":true}]}}