{"id":255311,"date":"2015-02-10T13:56:39","date_gmt":"2015-02-10T13:56:39","guid":{"rendered":"http:\/\/diariodominicano.ddns.net\/?p=255311"},"modified":"2015-02-10T13:56:39","modified_gmt":"2015-02-10T13:56:39","slug":"palestina-propone-en-onu-negociacion-colectiva-para-paz-con-israel","status":"publish","type":"post","link":"https:\/\/diariodominicano.com\/?p=255311","title":{"rendered":"&#13;&#13;Palestina propone en ONU negociaci\u00f3n colectiva para paz con Israel"},"content":{"rendered":"<p><body><\/p>\n<p><img decoding=\"async\" src=\"img3\/riyad-mansour.jpg\" \/>  <\/p>\n<p><span class=\"text1noticias\">\t\t<\/span><\/p>\n<p><span class=\"text1noticias\">  <\/span><\/p>\n<\/p>\n<p><span class=\"text1noticias\">Naciones Unidas, 10 feb (PL) El embajador de Palestina ante Naciones Unidas, Riyad Mansour, propuso hoy aqu\u00ed un mecanismo de negociaci\u00f3n colectiva para poner fin al conflicto con Israel, que incluya a varios actores de la comunidad internacional.<\/span><\/p>\n<\/p>\n<p><span class=\"text1noticias\">En la instalaci\u00f3n este a\u00f1o del Comit\u00e9 de Naciones Unidas para el Ejercicio de los Derechos Inalienables del Pueblo Palestino, el diplom\u00e1tico precis\u00f3 que adem\u00e1s de las partes, podr\u00edan participar los cinco miembros permanentes del Consejo de Seguridad (Estados Unidos, Rusia, China, Francia y Reino Unido) y las naciones \u00e1rabes.<\/span><\/p>\n<\/p>\n<p><span class=\"text1noticias\">Asimismo, el observador permanente dej\u00f3 abierta la posibilidad de la incorporaci\u00f3n al proceso de otros pa\u00edses, como los integrantes del Comit\u00e9 u \u00abaquellos dispuestos a ayudar\u00bb.<\/span><\/p>\n<\/p>\n<p><span class=\"text1noticias\">Seg\u00fan Mansour, un requisito necesario para la b\u00fasqueda de la paz es el cese de la ocupaci\u00f3n israel\u00ed, que data de 1967, mediante un resoluci\u00f3n del Consejo de Seguridad.<\/span><\/p>\n<\/p>\n<p><span class=\"text1noticias\">Tambi\u00e9n reiter\u00f3 la urgencia de la implementaci\u00f3n de la salida de los dos estados, uno palestino y otro israel\u00ed, conviviendo de manera pac\u00edfica bajo las fronteras anteriores a 1967 y con Jerusal\u00e9n como capital compartida (Jerusal\u00e9n Oriental de Palestina y Jerusal\u00e9n Occidental de Israel).<\/span><\/p>\n<\/p>\n<p><span class=\"text1noticias\">El embajador llam\u00f3 a aprovechar el contexto del 70 aniversario de la ONU y el 40 de creado el Comit\u00e9 para alcanzar la soluci\u00f3n duradera reclamada por la comunidad internacional.<\/span><\/p>\n<\/p>\n<p><span class=\"text1noticias\">Esperamos que en 2015 podamos colectivamente obtener el \u00e9xito y lograr un acuerdo, dijo.<\/span><\/p>\n<\/p>\n<p><span class=\"text1noticias\">Para Mansour, solo el compromiso pol\u00edtico puede garantizar el avance del proceso y evitar la intensificaci\u00f3n de las confrontaciones.<\/span><\/p>\n<\/p>\n<p><span class=\"text1noticias\">Cuando se pierde la esperanza, puede surgir el extremismo de ambos lados, advirti\u00f3.<\/span><\/p>\n<\/p>\n<p><span class=\"text1noticias\">En ese sentido, el diplom\u00e1tico palestino pidi\u00f3 a Tel Aviv detener la ocupaci\u00f3n y la colonizaci\u00f3n mediante asentamientos declarados ilegales por la ONU y otras instancias.<\/span><\/p>\n<\/p>\n<p><span class=\"text1noticias\">Mansour defendi\u00f3 adem\u00e1s el ingreso de Palestina a la Corte Penal Internacional, como un paso civilizado y pac\u00edfico, dirigido a lograr que Israel cumpla con sus obligaciones internacionales.<\/span><\/p>\n<\/p>\n<p><span class=\"text1noticias\">Durante su primera sesi\u00f3n de 2015, el Comit\u00e9 reeligi\u00f3 al embajador senegal\u00e9s, Fode Seck, en la presidencia, y a los representantes permanentes Zahir Tanin (Afganist\u00e1n), Rodolfo Reyes (Cuba), Desra Percaya (Indonesia), Wilfried Emvula (Namibia) y Mar\u00eda Rubiales (Nicaragua) en la vicepresidencia.<\/span><\/p>\n<\/p>\n<h6> 2015-02-10 13:56:39 <\/h6>\n<p><!--\n<link rel=\"stylesheet\" href=\"css\/bootstrap.min.css\">\n\n\n<ul class=\"pagination\">\n\t    \n\t\n\n<li >\n\t<a href='?page_no=24955'>Previous<\/a>\n\t<\/li>\n\n\n       \n    \n\n<li><a href='?page_no=1'>1<\/a><\/li>\n\n\n\n<li><a href='?page_no=2'>2<\/a><\/li>\n\n\n\n<li><a>...<\/a><\/li>\n\n\n\n<li><a href='?page_no=24954'>24954<\/a><\/li>\n\n\n\n<li><a href='?page_no=24955'>24955<\/a><\/li>\n\n\n\n<li class='active'><a>24956<\/a><\/li>\n\n\n\n<li><a href='?page_no=24957'>24957<\/a><\/li>\n\n\n\n<li><a href='?page_no=24958'>24958<\/a><\/li>\n\n\n\n<li><a>...<\/a><\/li>\n\n\n\n<li><a href='?page_no=51012'>51012<\/a><\/li>\n\n\n\n<li><a href='?page_no=51013'>51013<\/a><\/li>\n\n    \n\t\n\n<li >\n\t<a href='?page_no=24957'>Next<\/a>\n\t<\/li>\n\n\n    \n\n<li><a href='?page_no=51013'>Last &rsaquo;&rsaquo;<\/a><\/li>\n\n<\/ul>\n\n\n--><br \/>\n<\/body><\/p>\n","protected":false},"excerpt":{"rendered":"<p>Naciones Unidas, 10 feb (PL) El embajador de Palestina ante Naciones Unidas, Riyad Mansour, propuso hoy aqu\u00ed un mecanismo de negociaci\u00f3n colectiva para poner fin al conflicto con Israel, que incluya a varios actores de la comunidad internacional. En la instalaci\u00f3n este a\u00f1o del Comit\u00e9 de Naciones Unidas para el Ejercicio de los Derechos Inalienables [&hellip;]<\/p>\n","protected":false},"author":3,"featured_media":0,"comment_status":"open","ping_status":"open","sticky":false,"template":"","format":"standard","meta":{"footnotes":""},"categories":[23],"tags":[],"class_list":["post-255311","post","type-post","status-publish","format-standard","hentry","category-internacional"],"_links":{"self":[{"href":"https:\/\/diariodominicano.com\/index.php?rest_route=\/wp\/v2\/posts\/255311","targetHints":{"allow":["GET"]}}],"collection":[{"href":"https:\/\/diariodominicano.com\/index.php?rest_route=\/wp\/v2\/posts"}],"about":[{"href":"https:\/\/diariodominicano.com\/index.php?rest_route=\/wp\/v2\/types\/post"}],"author":[{"embeddable":true,"href":"https:\/\/diariodominicano.com\/index.php?rest_route=\/wp\/v2\/users\/3"}],"replies":[{"embeddable":true,"href":"https:\/\/diariodominicano.com\/index.php?rest_route=%2Fwp%2Fv2%2Fcomments&post=255311"}],"version-history":[{"count":0,"href":"https:\/\/diariodominicano.com\/index.php?rest_route=\/wp\/v2\/posts\/255311\/revisions"}],"wp:attachment":[{"href":"https:\/\/diariodominicano.com\/index.php?rest_route=%2Fwp%2Fv2%2Fmedia&parent=255311"}],"wp:term":[{"taxonomy":"category","embeddable":true,"href":"https:\/\/diariodominicano.com\/index.php?rest_route=%2Fwp%2Fv2%2Fcategories&post=255311"},{"taxonomy":"post_tag","embeddable":true,"href":"https:\/\/diariodominicano.com\/index.php?rest_route=%2Fwp%2Fv2%2Ftags&post=255311"}],"curies":[{"name":"wp","href":"https:\/\/api.w.org\/{rel}","templated":true}]}}