{"id":255309,"date":"2015-02-10T14:07:36","date_gmt":"2015-02-10T14:07:36","guid":{"rendered":"http:\/\/diariodominicano.ddns.net\/?p=255309"},"modified":"2015-02-10T14:07:36","modified_gmt":"2015-02-10T14:07:36","slug":"en-mentira-se-basa-oposicion-de-uribe-afirma-ministro-colombiano","status":"publish","type":"post","link":"https:\/\/diariodominicano.com\/?p=255309","title":{"rendered":"En mentira se basa oposici\u00f3n de Uribe, afirma ministro colombiano\t\t\t&#13;"},"content":{"rendered":"<p><body><\/p>\n<p><img decoding=\"async\" src=\"img3\/juanfernando-cristo.jpg\" \/>  <\/p>\n<\/p>\n<\/p>\n<p>Bogot\u00e1, 10 feb (PL) El ministro de Interior de Colombia, Juan Fernando Cristo, afirm\u00f3 hoy que la oposici\u00f3n del partido Centro Democr\u00e1tico (CD) del senador \u00c1lvaro Uribe se basa en la mentira, lo cual sobrepasa los l\u00edmites de la democracia.<\/p>\n<\/p>\n<p>En declaraciones a Caracol Radio, Cristo se\u00f1al\u00f3 que el Gobierno respeta la posici\u00f3n del CD en cuanto al di\u00e1logo en La Habana con las Fuerzas Armadas Revolucionarias de Colombia-Ejercito del Pueblo.<\/p>\n<\/p>\n<p>No obstante, nunca hab\u00eda existido aqu\u00ed una oposici\u00f3n tan sustentada en mentiras, acot\u00f3.<\/p>\n<\/p>\n<p>El titular se refiri\u00f3 al anunciado viaje de dirigentes de esa agrupaci\u00f3n a Estados Unidos y la ONU, sobre lo cual expres\u00f3 que salir a despotricar en el exterior sobre la situaci\u00f3n en Colombia sobrepasa los l\u00edmites de la democracia.<\/p>\n<\/p>\n<p>El ministro rechaz\u00f3 acusaciones del expresidente Uribe en el sentido de que existe persecuci\u00f3n contra el CD y que no hay justicia independiente en Colombia.<\/p>\n<\/p>\n<p>Eso le hace un da\u00f1o inmenso al pa\u00eds y a la democracia, recalc\u00f3.<\/p>\n<\/p>\n<p>Existe una estrategia perversa de ese partido. Se pretende se\u00f1alar que cualquier relaci\u00f3n del Ejecutivo con los medios de comunicaci\u00f3n significa para ellos que estamos comprando la prensa para socavar su independencia a la hora de informar a los colombianos, coment\u00f3.<\/p>\n<\/p>\n<p>Explic\u00f3 que desde hace varios meses, desde que se comenz\u00f3 a discutir en el Congreso el tema de la suspensi\u00f3n de la reelecci\u00f3n presidencial, se ide\u00f3 por la formaci\u00f3n conservadora una campa\u00f1a de desinformaci\u00f3n y calumnias alrededor del mandatario Juan Manuel Santos, en el sentido de que \u00e9ste quiere perpetuarse en el poder.<\/p>\n<\/p>\n<p>El alto funcionario manifest\u00f3 que no tienen informaci\u00f3n relacionada con una eventual reuni\u00f3n entre funcionarios del Gobierno de Estado Unidos y senadores de la bancada del CD.<\/p>\n<\/p>\n<p>El propio Santos declar\u00f3 en las \u00faltimas horas que el uribismo lo que hace es mentir, a la vez que denunci\u00f3 sus t\u00e1cticas fascistas contra el actual Gobierno.<\/p>\n<\/p>\n<p>El exmandatario, junto al excandidato presidencial por esa agrupaci\u00f3n Oscar Ivan Zuluaga anunci\u00f3 el citado viaje para denunciar ante la ONU y su Consejo de Derechos Humanos en Ginebra las violaciones que -afirman- existe contra los derechos civiles y pol\u00edticos del CD.<\/p>\n<\/p>\n<p>A Uribe se le neg\u00f3 en un principio el permiso para salir al exterior por parte de la Presidencia del Senado, toda vez que es inminente el inicio de las sesiones ordinarias del Congreso para el nuevo per\u00edodo legislativo.<\/p>\n<h6> 2015-02-10 14:07:36 <\/h6>\n<p><!--\n<link rel=\"stylesheet\" href=\"css\/bootstrap.min.css\">\n\n\n<ul class=\"pagination\">\n\t    \n\t\n\n<li >\n\t<a href='?page_no=24953'>Previous<\/a>\n\t<\/li>\n\n\n       \n    \n\n<li><a href='?page_no=1'>1<\/a><\/li>\n\n\n\n<li><a href='?page_no=2'>2<\/a><\/li>\n\n\n\n<li><a>...<\/a><\/li>\n\n\n\n<li><a href='?page_no=24952'>24952<\/a><\/li>\n\n\n\n<li><a href='?page_no=24953'>24953<\/a><\/li>\n\n\n\n<li class='active'><a>24954<\/a><\/li>\n\n\n\n<li><a href='?page_no=24955'>24955<\/a><\/li>\n\n\n\n<li><a href='?page_no=24956'>24956<\/a><\/li>\n\n\n\n<li><a>...<\/a><\/li>\n\n\n\n<li><a href='?page_no=51012'>51012<\/a><\/li>\n\n\n\n<li><a href='?page_no=51013'>51013<\/a><\/li>\n\n    \n\t\n\n<li >\n\t<a href='?page_no=24955'>Next<\/a>\n\t<\/li>\n\n\n    \n\n<li><a href='?page_no=51013'>Last &rsaquo;&rsaquo;<\/a><\/li>\n\n<\/ul>\n\n\n--><br \/>\n<\/body><\/p>\n","protected":false},"excerpt":{"rendered":"<p>Bogot\u00e1, 10 feb (PL) El ministro de Interior de Colombia, Juan Fernando Cristo, afirm\u00f3 hoy que la oposici\u00f3n del partido Centro Democr\u00e1tico (CD) del senador \u00c1lvaro Uribe se basa en la mentira, lo cual sobrepasa los l\u00edmites de la democracia. En declaraciones a Caracol Radio, Cristo se\u00f1al\u00f3 que el Gobierno respeta la posici\u00f3n del CD [&hellip;]<\/p>\n","protected":false},"author":3,"featured_media":0,"comment_status":"open","ping_status":"open","sticky":false,"template":"","format":"standard","meta":{"footnotes":""},"categories":[23],"tags":[],"class_list":["post-255309","post","type-post","status-publish","format-standard","hentry","category-internacional"],"_links":{"self":[{"href":"https:\/\/diariodominicano.com\/index.php?rest_route=\/wp\/v2\/posts\/255309","targetHints":{"allow":["GET"]}}],"collection":[{"href":"https:\/\/diariodominicano.com\/index.php?rest_route=\/wp\/v2\/posts"}],"about":[{"href":"https:\/\/diariodominicano.com\/index.php?rest_route=\/wp\/v2\/types\/post"}],"author":[{"embeddable":true,"href":"https:\/\/diariodominicano.com\/index.php?rest_route=\/wp\/v2\/users\/3"}],"replies":[{"embeddable":true,"href":"https:\/\/diariodominicano.com\/index.php?rest_route=%2Fwp%2Fv2%2Fcomments&post=255309"}],"version-history":[{"count":0,"href":"https:\/\/diariodominicano.com\/index.php?rest_route=\/wp\/v2\/posts\/255309\/revisions"}],"wp:attachment":[{"href":"https:\/\/diariodominicano.com\/index.php?rest_route=%2Fwp%2Fv2%2Fmedia&parent=255309"}],"wp:term":[{"taxonomy":"category","embeddable":true,"href":"https:\/\/diariodominicano.com\/index.php?rest_route=%2Fwp%2Fv2%2Fcategories&post=255309"},{"taxonomy":"post_tag","embeddable":true,"href":"https:\/\/diariodominicano.com\/index.php?rest_route=%2Fwp%2Fv2%2Ftags&post=255309"}],"curies":[{"name":"wp","href":"https:\/\/api.w.org\/{rel}","templated":true}]}}