{"id":255308,"date":"2015-02-11T10:49:52","date_gmt":"2015-02-11T10:49:52","guid":{"rendered":"http:\/\/diariodominicano.ddns.net\/?p=255308"},"modified":"2015-02-11T10:49:52","modified_gmt":"2015-02-11T10:49:52","slug":"policia-de-de-australia-frustran-inminente-ataque-terrorista-del-estado-islamico","status":"publish","type":"post","link":"https:\/\/diariodominicano.com\/?p=255308","title":{"rendered":"Polic\u00eda de de Australia frustran \u00abinminente\u00bb ataque terrorista del Estado Isl\u00e1mico"},"content":{"rendered":"<p><body><\/p>\n<p><img decoding=\"async\" src=\"img3\/islan 11.jpg\" \/>  <\/p>\n<p>Sidney, Australia 11 febrero.- La divisi\u00f3n antiterrorista de la polic\u00eda de Australia frustr\u00f3 este martes un \u00abinminente\u00bb ataque terrorista presutamente vinculado al grupo yihadista autodenominado Estado Isl\u00e1mico (EI) con el arresto de dos hombres en S\u00eddney.<\/p>\n<\/p>\n<p>Los dos hombres fueron arrestados el martes durante una operaci\u00f3n policial en un suburbio al oeste de S\u00eddney y han sido acusados de acciones para la preparaci\u00f3n o planificaci\u00f3n de un acto terrorista. Sus identidades no se han hecho p\u00fablicas por el momento.<\/p>\n<\/p>\n<p>La vicecomisionada de la Polic\u00eda de Nueva Gales del Sur, Catherine Burn, ha explicado que todav\u00eda se desconoce el objetivo espec\u00edfico contra el que planeaban el ataque, pero ha destacado que la intenci\u00f3n de cometer un ataque era \u00abclara\u00bb.<\/p>\n<\/p>\n<p>Una bandera del EI y un v\u00eddeo sobre el ataque<\/p>\n<\/p>\n<p>\u00abCuando hicimos el registro de los locales, una serie de art\u00edculos fueron localizados, incluyendo un machete, un cuchillo de caza y una bandera hecha a mano que representaba los s\u00edmbolos de la organizaci\u00f3n teorrista EI\u00bb, ha explicado Burn que tambi\u00e9n ha hablado de la existencia de \u00abun v\u00eddeo\u00bb que mostraba a uno de los 0hombre detenidos \u00abhablando de llevar a cabo un ataque\u00bb.<\/p>\n<\/p>\n<p>\u00abCreemos que estos dos hombres se preparaban para cometer esta acci\u00f3n ayer (martes). Ten\u00edamos informaci\u00f3n y recibimos informaci\u00f3n adicional que indicaba que un ataque era inminente. As\u00ed que actuamos\u00bb, ha explicado tras aclarar que el ataque se proyectaba era \u00abcompatible con los mensajes enviados por el EI\u00bb.<\/p>\n<h6> 2015-02-11 10:49:52 <\/h6>\n<p><!--\n<link rel=\"stylesheet\" href=\"css\/bootstrap.min.css\">\n\n\n<ul class=\"pagination\">\n\t    \n\t\n\n<li >\n\t<a href='?page_no=24952'>Previous<\/a>\n\t<\/li>\n\n\n       \n    \n\n<li><a href='?page_no=1'>1<\/a><\/li>\n\n\n\n<li><a href='?page_no=2'>2<\/a><\/li>\n\n\n\n<li><a>...<\/a><\/li>\n\n\n\n<li><a href='?page_no=24951'>24951<\/a><\/li>\n\n\n\n<li><a href='?page_no=24952'>24952<\/a><\/li>\n\n\n\n<li class='active'><a>24953<\/a><\/li>\n\n\n\n<li><a href='?page_no=24954'>24954<\/a><\/li>\n\n\n\n<li><a href='?page_no=24955'>24955<\/a><\/li>\n\n\n\n<li><a>...<\/a><\/li>\n\n\n\n<li><a href='?page_no=51012'>51012<\/a><\/li>\n\n\n\n<li><a href='?page_no=51013'>51013<\/a><\/li>\n\n    \n\t\n\n<li >\n\t<a href='?page_no=24954'>Next<\/a>\n\t<\/li>\n\n\n    \n\n<li><a href='?page_no=51013'>Last &rsaquo;&rsaquo;<\/a><\/li>\n\n<\/ul>\n\n\n--><br \/>\n<\/body><\/p>\n","protected":false},"excerpt":{"rendered":"<p>Sidney, Australia 11 febrero.- La divisi\u00f3n antiterrorista de la polic\u00eda de Australia frustr\u00f3 este martes un \u00abinminente\u00bb ataque terrorista presutamente vinculado al grupo yihadista autodenominado Estado Isl\u00e1mico (EI) con el arresto de dos hombres en S\u00eddney. Los dos hombres fueron arrestados el martes durante una operaci\u00f3n policial en un suburbio al oeste de S\u00eddney y [&hellip;]<\/p>\n","protected":false},"author":3,"featured_media":0,"comment_status":"open","ping_status":"open","sticky":false,"template":"","format":"standard","meta":{"footnotes":""},"categories":[23],"tags":[],"class_list":["post-255308","post","type-post","status-publish","format-standard","hentry","category-internacional"],"_links":{"self":[{"href":"https:\/\/diariodominicano.com\/index.php?rest_route=\/wp\/v2\/posts\/255308","targetHints":{"allow":["GET"]}}],"collection":[{"href":"https:\/\/diariodominicano.com\/index.php?rest_route=\/wp\/v2\/posts"}],"about":[{"href":"https:\/\/diariodominicano.com\/index.php?rest_route=\/wp\/v2\/types\/post"}],"author":[{"embeddable":true,"href":"https:\/\/diariodominicano.com\/index.php?rest_route=\/wp\/v2\/users\/3"}],"replies":[{"embeddable":true,"href":"https:\/\/diariodominicano.com\/index.php?rest_route=%2Fwp%2Fv2%2Fcomments&post=255308"}],"version-history":[{"count":0,"href":"https:\/\/diariodominicano.com\/index.php?rest_route=\/wp\/v2\/posts\/255308\/revisions"}],"wp:attachment":[{"href":"https:\/\/diariodominicano.com\/index.php?rest_route=%2Fwp%2Fv2%2Fmedia&parent=255308"}],"wp:term":[{"taxonomy":"category","embeddable":true,"href":"https:\/\/diariodominicano.com\/index.php?rest_route=%2Fwp%2Fv2%2Fcategories&post=255308"},{"taxonomy":"post_tag","embeddable":true,"href":"https:\/\/diariodominicano.com\/index.php?rest_route=%2Fwp%2Fv2%2Ftags&post=255308"}],"curies":[{"name":"wp","href":"https:\/\/api.w.org\/{rel}","templated":true}]}}