{"id":255307,"date":"2015-02-11T14:08:39","date_gmt":"2015-02-11T14:08:39","guid":{"rendered":"http:\/\/diariodominicano.ddns.net\/?p=255307"},"modified":"2015-02-11T14:08:39","modified_gmt":"2015-02-11T14:08:39","slug":"despliegan-en-reino-unido-amplia-operacion-antiterrorista","status":"publish","type":"post","link":"https:\/\/diariodominicano.com\/?p=255307","title":{"rendered":"&#13;Despliegan en Reino Unido amplia operaci\u00f3n antiterrorista"},"content":{"rendered":"<p><body><\/p>\n<p><img decoding=\"async\" src=\"img3\/police_liverpool.jpg\" \/>  <\/p>\n<p><span class=\"text1noticias\">\t\t<\/span><\/p>\n<p><span class=\"text1noticias\">  <\/span><\/p>\n<\/p>\n<p><span class=\"text1noticias\">Londres, 11 feb (PL) Un hombre de 31 a\u00f1os fue detenido hoy en Liverpool, en el noroeste de Inglaterra, y cinco domicilios fueron registrados en el transcurso de una amplia operaci\u00f3n antiterrorista, seg\u00fan informaron fuentes de la Polic\u00eda brit\u00e1nica.<\/span><\/p>\n<\/p>\n<p><span class=\"text1noticias\">De acuerdo con la cadena p\u00fablica de radio y televisi\u00f3n BBC, la investigaci\u00f3n sobre el acusado se har\u00e1 bajo sospechas de su supuesta relaci\u00f3n con la comisi\u00f3n, preparaci\u00f3n e instigaci\u00f3n de actos de terrorismo.<\/span><\/p>\n<\/p>\n<p><span class=\"text1noticias\">Seg\u00fan el citado medio, los agentes de la unidad antiterrorista de las regiones del noroeste ingl\u00e9s, junto con la Polic\u00eda de Merseyside (Liverpool), lanzaron la redada tras recibir informaci\u00f3n de los Servicios de Inteligencia del Reino Unido.<\/span><\/p>\n<\/p>\n<p><span class=\"text1noticias\">El allanamiento de los hogares, en opini\u00f3n de la Polic\u00eda, es necesario y puede extenderse durante toda la jornada o, incluso, m\u00e1s d\u00edas en busca de evidencias requeridas para el futuro \u00e9xito de la pesquisa.<\/span><\/p>\n<\/p>\n<p><span class=\"text1noticias\">Los servicios de seguridad plantearon que se toman todas las medidas necesarias para garantizar la tranquilidad a los ciudadanos y pidi\u00f3, adem\u00e1s, a cualquiera con informaci\u00f3n valiosa ponerse en contacto de inmediato con ellos.<\/span><\/p>\n<\/p>\n<p><span class=\"text1noticias\">El gobierno elev\u00f3 en agosto de 2014 su nivel de alerta por terrorismo de sustancial a severo, el cuarto de cinco niveles de amenazas, en respuesta a los actividades desarrolladas por el movimiento radical Estado Isl\u00e1mico (EI) en Iraq y Siria.<\/span><\/p>\n<\/p>\n<p><span class=\"text1noticias\">Comentarios difundidos en medios de comunicaci\u00f3n apuntan tambi\u00e9n que Reino Unido tom\u00f3 esa medida ante las advertencias hechas por el EI de posibles ataques terroristas tras la aprobaci\u00f3n en la C\u00e1mara de los Comunes de bombardeos contra posiciones del grupo yihadista en Iraq.<\/span><\/p>\n<\/p>\n<p><span class=\"text1noticias\">El Reino Unido y otros pa\u00edses europeos forman parte de una coalici\u00f3n internacional liderada por Estados Unidos con el declarado objetivo de combatir al EI.<\/span><\/p>\n<\/p>\n<p><span class=\"text1noticias\">Sin embargo, la prensa internacional destac\u00f3 en varias ocasiones que los verdaderos fundamentos de esa alianza estaban en el inter\u00e9s de Washington en Medio Oriente, como el cambio de fronteras y la deposici\u00f3n de gobiernos considerados contrarios a la pol\u00edtica norteamericana.<\/span><\/p>\n<\/p>\n<p><span class=\"text1noticias\">Con anterioridad, los extremistas desarrollaban acciones en Siria con el fin de derrocar al presidente Bashar al-Assad, con el apoyo de las mismas potencias occidentales que ahora los condena, de acuerdo con denuncias de Damasco.<\/span><\/p>\n<h6> 2015-02-11 14:08:39 <\/h6>\n<p><!--\n<link rel=\"stylesheet\" href=\"css\/bootstrap.min.css\">\n\n\n<ul class=\"pagination\">\n\t    \n\t\n\n<li >\n\t<a href='?page_no=24951'>Previous<\/a>\n\t<\/li>\n\n\n       \n    \n\n<li><a href='?page_no=1'>1<\/a><\/li>\n\n\n\n<li><a href='?page_no=2'>2<\/a><\/li>\n\n\n\n<li><a>...<\/a><\/li>\n\n\n\n<li><a href='?page_no=24950'>24950<\/a><\/li>\n\n\n\n<li><a href='?page_no=24951'>24951<\/a><\/li>\n\n\n\n<li class='active'><a>24952<\/a><\/li>\n\n\n\n<li><a href='?page_no=24953'>24953<\/a><\/li>\n\n\n\n<li><a href='?page_no=24954'>24954<\/a><\/li>\n\n\n\n<li><a>...<\/a><\/li>\n\n\n\n<li><a href='?page_no=51012'>51012<\/a><\/li>\n\n\n\n<li><a href='?page_no=51013'>51013<\/a><\/li>\n\n    \n\t\n\n<li >\n\t<a href='?page_no=24953'>Next<\/a>\n\t<\/li>\n\n\n    \n\n<li><a href='?page_no=51013'>Last &rsaquo;&rsaquo;<\/a><\/li>\n\n<\/ul>\n\n\n--><br \/>\n<\/body><\/p>\n","protected":false},"excerpt":{"rendered":"<p>Londres, 11 feb (PL) Un hombre de 31 a\u00f1os fue detenido hoy en Liverpool, en el noroeste de Inglaterra, y cinco domicilios fueron registrados en el transcurso de una amplia operaci\u00f3n antiterrorista, seg\u00fan informaron fuentes de la Polic\u00eda brit\u00e1nica. De acuerdo con la cadena p\u00fablica de radio y televisi\u00f3n BBC, la investigaci\u00f3n sobre el acusado [&hellip;]<\/p>\n","protected":false},"author":3,"featured_media":0,"comment_status":"open","ping_status":"open","sticky":false,"template":"","format":"standard","meta":{"footnotes":""},"categories":[23],"tags":[],"class_list":["post-255307","post","type-post","status-publish","format-standard","hentry","category-internacional"],"_links":{"self":[{"href":"https:\/\/diariodominicano.com\/index.php?rest_route=\/wp\/v2\/posts\/255307","targetHints":{"allow":["GET"]}}],"collection":[{"href":"https:\/\/diariodominicano.com\/index.php?rest_route=\/wp\/v2\/posts"}],"about":[{"href":"https:\/\/diariodominicano.com\/index.php?rest_route=\/wp\/v2\/types\/post"}],"author":[{"embeddable":true,"href":"https:\/\/diariodominicano.com\/index.php?rest_route=\/wp\/v2\/users\/3"}],"replies":[{"embeddable":true,"href":"https:\/\/diariodominicano.com\/index.php?rest_route=%2Fwp%2Fv2%2Fcomments&post=255307"}],"version-history":[{"count":0,"href":"https:\/\/diariodominicano.com\/index.php?rest_route=\/wp\/v2\/posts\/255307\/revisions"}],"wp:attachment":[{"href":"https:\/\/diariodominicano.com\/index.php?rest_route=%2Fwp%2Fv2%2Fmedia&parent=255307"}],"wp:term":[{"taxonomy":"category","embeddable":true,"href":"https:\/\/diariodominicano.com\/index.php?rest_route=%2Fwp%2Fv2%2Fcategories&post=255307"},{"taxonomy":"post_tag","embeddable":true,"href":"https:\/\/diariodominicano.com\/index.php?rest_route=%2Fwp%2Fv2%2Ftags&post=255307"}],"curies":[{"name":"wp","href":"https:\/\/api.w.org\/{rel}","templated":true}]}}