{"id":255306,"date":"2015-02-11T14:15:51","date_gmt":"2015-02-11T14:15:51","guid":{"rendered":"http:\/\/diariodominicano.ddns.net\/?p=255306"},"modified":"2015-02-11T14:15:51","modified_gmt":"2015-02-11T14:15:51","slug":"senado-de-ee-uu-preve-votacion-sobre-nuevo-secretario-de-defensa","status":"publish","type":"post","link":"https:\/\/diariodominicano.com\/?p=255306","title":{"rendered":"&#13;Senado de EE.UU. prev\u00e9 votaci\u00f3n sobre nuevo secretario de Defensa"},"content":{"rendered":"<p><body><\/p>\n<p><img decoding=\"async\" src=\"img3\/eeuu-carter.jpg\" \/>  <\/p>\n<\/p>\n<\/p>\n<p>Washington, 11 feb (PL) El Senado de Estados Unidos planea hoy efectuar una votaci\u00f3n para confirmar a Ashton Carter como nuevo secretario de Defensa de la administraci\u00f3n del presidente Barack Obama, en sustituci\u00f3n de Charles Hagel.<\/p>\n<\/p>\n<p>La v\u00edspera, el comit\u00e9 de servicios armados de la C\u00e1mara alta aval\u00f3 al funcionario en una votaci\u00f3n 25-0, por lo cual se espera que durante el pleno, los miembros del hemiciclo le den luz verde sin mayores contratiempos.<\/p>\n<\/p>\n<p>Aunque muchos senadores republicanos son muy cr\u00edticos con las pol\u00edticas de defensa de la Casa Blanca, la confirmaci\u00f3n de Carter result\u00f3 menos conflictiva que la de Hagel hace dos a\u00f1os.<\/p>\n<\/p>\n<p>Carter, de 60 a\u00f1os y visto como un tecn\u00f3crata, se convertir\u00eda as\u00ed en el cuarto secretario de Defensa de Obama, antecedido por Robert Gates, Leon Panetta y Hagel.<\/p>\n<\/p>\n<p>El funcionario se desempe\u00f1\u00f3 como subsecretario de Defensa de 2011 a 2013, mientras que con anterioridad estuvo al frente de una importante reestructuraci\u00f3n del programa de aviones de combate F-35.<\/p>\n<\/p>\n<p>Se\u00f1al\u00f3 recientemente que es partidario de entregar armamento al ej\u00e9rcito de Ucrania para frenar el avance en las \u00faltimas semanas de las milicias federalistas que operan en el sureste de la naci\u00f3n europea.<\/p>\n<\/p>\n<p>El aspirante a jefe del Pent\u00e1gono tambi\u00e9n prometi\u00f3 hacer un uso m\u00e1s racional del presupuesto, pero solicit\u00f3 al Congreso que garantice la estabilidad en el otorgamiento de los fondos.<\/p>\n<\/p>\n<p>Carter es especialista en temas de armamento y seguridad nacional; posee un doctorado en f\u00edsica te\u00f3rica por la Universidad de Oxford y estudi\u00f3 f\u00edsica e historia medieval en Yale.<\/p>\n<h6> 2015-02-11 14:15:51 <\/h6>\n<p><!--\n<link rel=\"stylesheet\" href=\"css\/bootstrap.min.css\">\n\n\n<ul class=\"pagination\">\n\t    \n\t\n\n<li >\n\t<a href='?page_no=24950'>Previous<\/a>\n\t<\/li>\n\n\n       \n    \n\n<li><a href='?page_no=1'>1<\/a><\/li>\n\n\n\n<li><a href='?page_no=2'>2<\/a><\/li>\n\n\n\n<li><a>...<\/a><\/li>\n\n\n\n<li><a href='?page_no=24949'>24949<\/a><\/li>\n\n\n\n<li><a href='?page_no=24950'>24950<\/a><\/li>\n\n\n\n<li class='active'><a>24951<\/a><\/li>\n\n\n\n<li><a href='?page_no=24952'>24952<\/a><\/li>\n\n\n\n<li><a href='?page_no=24953'>24953<\/a><\/li>\n\n\n\n<li><a>...<\/a><\/li>\n\n\n\n<li><a href='?page_no=51012'>51012<\/a><\/li>\n\n\n\n<li><a href='?page_no=51013'>51013<\/a><\/li>\n\n    \n\t\n\n<li >\n\t<a href='?page_no=24952'>Next<\/a>\n\t<\/li>\n\n\n    \n\n<li><a href='?page_no=51013'>Last &rsaquo;&rsaquo;<\/a><\/li>\n\n<\/ul>\n\n\n--><br \/>\n<\/body><\/p>\n","protected":false},"excerpt":{"rendered":"<p>Washington, 11 feb (PL) El Senado de Estados Unidos planea hoy efectuar una votaci\u00f3n para confirmar a Ashton Carter como nuevo secretario de Defensa de la administraci\u00f3n del presidente Barack Obama, en sustituci\u00f3n de Charles Hagel. La v\u00edspera, el comit\u00e9 de servicios armados de la C\u00e1mara alta aval\u00f3 al funcionario en una votaci\u00f3n 25-0, por [&hellip;]<\/p>\n","protected":false},"author":3,"featured_media":0,"comment_status":"open","ping_status":"open","sticky":false,"template":"","format":"standard","meta":{"footnotes":""},"categories":[23],"tags":[],"class_list":["post-255306","post","type-post","status-publish","format-standard","hentry","category-internacional"],"_links":{"self":[{"href":"https:\/\/diariodominicano.com\/index.php?rest_route=\/wp\/v2\/posts\/255306","targetHints":{"allow":["GET"]}}],"collection":[{"href":"https:\/\/diariodominicano.com\/index.php?rest_route=\/wp\/v2\/posts"}],"about":[{"href":"https:\/\/diariodominicano.com\/index.php?rest_route=\/wp\/v2\/types\/post"}],"author":[{"embeddable":true,"href":"https:\/\/diariodominicano.com\/index.php?rest_route=\/wp\/v2\/users\/3"}],"replies":[{"embeddable":true,"href":"https:\/\/diariodominicano.com\/index.php?rest_route=%2Fwp%2Fv2%2Fcomments&post=255306"}],"version-history":[{"count":0,"href":"https:\/\/diariodominicano.com\/index.php?rest_route=\/wp\/v2\/posts\/255306\/revisions"}],"wp:attachment":[{"href":"https:\/\/diariodominicano.com\/index.php?rest_route=%2Fwp%2Fv2%2Fmedia&parent=255306"}],"wp:term":[{"taxonomy":"category","embeddable":true,"href":"https:\/\/diariodominicano.com\/index.php?rest_route=%2Fwp%2Fv2%2Fcategories&post=255306"},{"taxonomy":"post_tag","embeddable":true,"href":"https:\/\/diariodominicano.com\/index.php?rest_route=%2Fwp%2Fv2%2Ftags&post=255306"}],"curies":[{"name":"wp","href":"https:\/\/api.w.org\/{rel}","templated":true}]}}