{"id":255304,"date":"2015-02-11T14:28:11","date_gmt":"2015-02-11T14:28:11","guid":{"rendered":"http:\/\/diariodominicano.ddns.net\/?p=255304"},"modified":"2015-02-11T14:28:11","modified_gmt":"2015-02-11T14:28:11","slug":"acusaciones-de-espionaje-telefonico-apuntan-a-martinelli","status":"publish","type":"post","link":"https:\/\/diariodominicano.com\/?p=255304","title":{"rendered":"&#13;Acusaciones de espionaje telef\u00f3nico apuntan a Martinelli"},"content":{"rendered":"<p><body><\/p>\n<p><img decoding=\"async\" src=\"img3\/espionaje-telefonico1.jpg\" \/>  <\/p>\n<p><span class=\"text1noticias\">\t\t<\/span><\/p>\n<p><span class=\"text1noticias\">  <\/span><\/p>\n<\/p>\n<p><span class=\"text1noticias\">Panam\u00e1, 11 feb (PL) Investigaciones sobre un caso de espionaje telef\u00f3nico durante el Gobierno de Ricardo Martinelli (2009-2014), arrojan que el operativo respond\u00eda directamente al Presidente, inform\u00f3 hoy la versi\u00f3n digital del diario La Estrella.<\/span><\/p>\n<\/p>\n<p><span class=\"text1noticias\">Ronny Rodr\u00edguez y William Pitt\u00ed, exfuncionarios del Consejo de Seguridad Nacional (CSN) buscados con orden de arresto por delitos contra la inviolabilidad del secreto y el derecho a la intimidad, pertenec\u00edan a un grupo que solo respond\u00eda a Martinelli, dijo un acusado.<\/span><\/p>\n<\/p>\n<p><span class=\"text1noticias\">El entonces jefe de la Polic\u00eda Nacional (PN)y secretario ejecutivo del CSN, Gustavo P\u00e9rez, declar\u00f3 ante el Ministerio P\u00fablico que Rodr\u00edguez era su subordinado, pero no respond\u00eda a sus \u00f3rdenes y ten\u00eda un modus operandi con la Presidencia, seg\u00fan el rotativo.<\/span><\/p>\n<\/p>\n<p><span class=\"text1noticias\">Tambi\u00e9n revel\u00f3 que ese exoficial recib\u00eda su salario como capit\u00e1n de la PN y otros seis mil d\u00f3lares directamente de la oficina presidencial.<\/span><\/p>\n<\/p>\n<p><span class=\"text1noticias\">El acusado, quien cumple prisi\u00f3n preventiva, neg\u00f3 su participaci\u00f3n en las escuchas o la compra de los equipos que usaban para tales fines, e incluso asegur\u00f3 que su firma no aparece en el contrato de adquisici\u00f3n.<\/span><\/p>\n<\/p>\n<p><span class=\"text1noticias\">Pero anteriormente una testigo protegida que \u00e9l identific\u00f3 como Isabella Stanziola, declar\u00f3 a la Justicia que P\u00e9rez compr\u00f3 el equipo y se entren\u00f3 con los proveedores israel\u00edes para su operaci\u00f3n; adem\u00e1s dijo que ella recibi\u00f3 igualmente instrucci\u00f3n y escuch\u00f3 conversaciones.<\/span><\/p>\n<\/p>\n<p><span class=\"text1noticias\">En la misma causa se encuentra detenido otro exsecretario del CSN, Alejandro Garuz, consuegro de Martinelli.<\/span><\/p>\n<\/p>\n<p><span class=\"text1noticias\">Las pesquisas arrojan que al menos 150 personas fueron espiadas ilegalmente mediante un equipo que permite tomar toda la informaci\u00f3n contenida en un tel\u00e9fono celular, grabar llamadas e incluso encenderlo a distancia.<\/span><\/p>\n<\/p>\n<p><span class=\"text1noticias\">Las empresas contratadas para estos fines fueron la israel\u00ed M.L.M. Protection Ltd., y la estadounidense Command Panam\u00e1, S.A.; la primera vendi\u00f3 en 2010 el equipo de espionaje por 13,4 millones de d\u00f3lares a trav\u00e9s del Fondo de Inversi\u00f3n Social, que pas\u00f3 a ser Programa de Ayuda Nacional, entonces en manos de Giacomo Tamburrelli quien tambi\u00e9n guarda prisi\u00f3n.<\/span><\/p>\n<\/p>\n<h6> 2015-02-11 14:28:11 <\/h6>\n<p><!--\n<link rel=\"stylesheet\" href=\"css\/bootstrap.min.css\">\n\n\n<ul class=\"pagination\">\n\t    \n\t\n\n<li >\n\t<a href='?page_no=24948'>Previous<\/a>\n\t<\/li>\n\n\n       \n    \n\n<li><a href='?page_no=1'>1<\/a><\/li>\n\n\n\n<li><a href='?page_no=2'>2<\/a><\/li>\n\n\n\n<li><a>...<\/a><\/li>\n\n\n\n<li><a href='?page_no=24947'>24947<\/a><\/li>\n\n\n\n<li><a href='?page_no=24948'>24948<\/a><\/li>\n\n\n\n<li class='active'><a>24949<\/a><\/li>\n\n\n\n<li><a href='?page_no=24950'>24950<\/a><\/li>\n\n\n\n<li><a href='?page_no=24951'>24951<\/a><\/li>\n\n\n\n<li><a>...<\/a><\/li>\n\n\n\n<li><a href='?page_no=51012'>51012<\/a><\/li>\n\n\n\n<li><a href='?page_no=51013'>51013<\/a><\/li>\n\n    \n\t\n\n<li >\n\t<a href='?page_no=24950'>Next<\/a>\n\t<\/li>\n\n\n    \n\n<li><a href='?page_no=51013'>Last &rsaquo;&rsaquo;<\/a><\/li>\n\n<\/ul>\n\n\n--><br \/>\n<\/body><\/p>\n","protected":false},"excerpt":{"rendered":"<p>Panam\u00e1, 11 feb (PL) Investigaciones sobre un caso de espionaje telef\u00f3nico durante el Gobierno de Ricardo Martinelli (2009-2014), arrojan que el operativo respond\u00eda directamente al Presidente, inform\u00f3 hoy la versi\u00f3n digital del diario La Estrella. Ronny Rodr\u00edguez y William Pitt\u00ed, exfuncionarios del Consejo de Seguridad Nacional (CSN) buscados con orden de arresto por delitos contra [&hellip;]<\/p>\n","protected":false},"author":3,"featured_media":0,"comment_status":"open","ping_status":"open","sticky":false,"template":"","format":"standard","meta":{"footnotes":""},"categories":[23],"tags":[],"class_list":["post-255304","post","type-post","status-publish","format-standard","hentry","category-internacional"],"_links":{"self":[{"href":"https:\/\/diariodominicano.com\/index.php?rest_route=\/wp\/v2\/posts\/255304","targetHints":{"allow":["GET"]}}],"collection":[{"href":"https:\/\/diariodominicano.com\/index.php?rest_route=\/wp\/v2\/posts"}],"about":[{"href":"https:\/\/diariodominicano.com\/index.php?rest_route=\/wp\/v2\/types\/post"}],"author":[{"embeddable":true,"href":"https:\/\/diariodominicano.com\/index.php?rest_route=\/wp\/v2\/users\/3"}],"replies":[{"embeddable":true,"href":"https:\/\/diariodominicano.com\/index.php?rest_route=%2Fwp%2Fv2%2Fcomments&post=255304"}],"version-history":[{"count":0,"href":"https:\/\/diariodominicano.com\/index.php?rest_route=\/wp\/v2\/posts\/255304\/revisions"}],"wp:attachment":[{"href":"https:\/\/diariodominicano.com\/index.php?rest_route=%2Fwp%2Fv2%2Fmedia&parent=255304"}],"wp:term":[{"taxonomy":"category","embeddable":true,"href":"https:\/\/diariodominicano.com\/index.php?rest_route=%2Fwp%2Fv2%2Fcategories&post=255304"},{"taxonomy":"post_tag","embeddable":true,"href":"https:\/\/diariodominicano.com\/index.php?rest_route=%2Fwp%2Fv2%2Ftags&post=255304"}],"curies":[{"name":"wp","href":"https:\/\/api.w.org\/{rel}","templated":true}]}}