{"id":255303,"date":"2015-02-11T14:35:03","date_gmt":"2015-02-11T14:35:03","guid":{"rendered":"http:\/\/diariodominicano.ddns.net\/?p=255303"},"modified":"2015-02-11T14:35:03","modified_gmt":"2015-02-11T14:35:03","slug":"jovenes-socialistas-venezolanos-organizan-marcha-por-la-paz","status":"publish","type":"post","link":"https:\/\/diariodominicano.com\/?p=255303","title":{"rendered":"&#13;J\u00f3venes socialistas venezolanos organizan marcha por la paz"},"content":{"rendered":"<p><body><\/p>\n<p><span class=\"text1noticias\">\t\t\t<\/span><\/p>\n<\/p>\n<p><span class=\"text1noticias\">Caracas, 11 feb (PL) La juventud del Partido Socialista Unido de Venezuela (Jpsuv) convoc\u00f3 hoy a una marcha por la paz y la justicia para ma\u00f1ana como parte del homenaje por los 201 a\u00f1os de la Batalla de la Victoria.<\/span><\/p>\n<\/p>\n<p><span class=\"text1noticias\">De esta forma, la juventud y los estudiantes podr\u00e1n demostrar su respaldo al Gobierno y su compromiso de actuar siempre en paz, destac\u00f3 el organizador nacional de la Jpsuv, Hanthony Coello. Tambi\u00e9n llam\u00f3 a deponer las agresiones que atenten contra el orden p\u00fablico promovidas por grupos de la derecha local dirigidas a acabar con el mandato del presidente Nicol\u00e1s Maduro.<\/span><\/p>\n<\/p>\n<p><span class=\"text1noticias\">Adem\u00e1s de la marcha, otros estados del pa\u00eds acoger\u00e1n actividades en rechazo a las acciones violentas y la guerra econ\u00f3mica, como en la capital del fronterizo estado de T\u00e1chira, donde habr\u00e1 un gran concierto, anunci\u00f3.<\/span><\/p>\n<\/p>\n<p><span class=\"text1noticias\">Para este mes, la Jpsuv organiz\u00f3 un amplio programa recreativo, el cual incluye el IX Festival de playas, r\u00edos, balnearios y parques, destac\u00f3 Coello.<\/span><\/p>\n<\/p>\n<p><span class=\"text1noticias\">La denominada Batalla de La Victoria fue uno de los enfrentamientos decisivos de la guerra independentista en Venezuela: ante la superioridad de fuerzas espa\u00f1olas, el bando patriota decidi\u00f3 armar a unos mil estudiantes de colegios y seminarios.<\/span><\/p>\n<\/p>\n<p><span class=\"text1noticias\">En honor al suceso, el 12 de febrero de 1947 la Asamblea Constituyente decret\u00f3 celebrar cada aniversario de la batalla como el D\u00eda de la Juventud.<\/span><\/p>\n<\/p>\n<p><span class=\"text1noticias\">Ma\u00f1ana tambi\u00e9n se realizar\u00e1 el tradicional desfile c\u00edvico-militar en la localidad La Victoria, del estado de Aragua.<\/span><\/p>\n<\/p>\n<h6> 2015-02-11 14:35:03 <\/h6>\n<p><!--\n<link rel=\"stylesheet\" href=\"css\/bootstrap.min.css\">\n\n\n<ul class=\"pagination\">\n\t    \n\t\n\n<li >\n\t<a href='?page_no=24947'>Previous<\/a>\n\t<\/li>\n\n\n       \n    \n\n<li><a href='?page_no=1'>1<\/a><\/li>\n\n\n\n<li><a href='?page_no=2'>2<\/a><\/li>\n\n\n\n<li><a>...<\/a><\/li>\n\n\n\n<li><a href='?page_no=24946'>24946<\/a><\/li>\n\n\n\n<li><a href='?page_no=24947'>24947<\/a><\/li>\n\n\n\n<li class='active'><a>24948<\/a><\/li>\n\n\n\n<li><a href='?page_no=24949'>24949<\/a><\/li>\n\n\n\n<li><a href='?page_no=24950'>24950<\/a><\/li>\n\n\n\n<li><a>...<\/a><\/li>\n\n\n\n<li><a href='?page_no=51012'>51012<\/a><\/li>\n\n\n\n<li><a href='?page_no=51013'>51013<\/a><\/li>\n\n    \n\t\n\n<li >\n\t<a href='?page_no=24949'>Next<\/a>\n\t<\/li>\n\n\n    \n\n<li><a href='?page_no=51013'>Last &rsaquo;&rsaquo;<\/a><\/li>\n\n<\/ul>\n\n\n--><br \/>\n<\/body><\/p>\n","protected":false},"excerpt":{"rendered":"<p>Caracas, 11 feb (PL) La juventud del Partido Socialista Unido de Venezuela (Jpsuv) convoc\u00f3 hoy a una marcha por la paz y la justicia para ma\u00f1ana como parte del homenaje por los 201 a\u00f1os de la Batalla de la Victoria. De esta forma, la juventud y los estudiantes podr\u00e1n demostrar su respaldo al Gobierno y [&hellip;]<\/p>\n","protected":false},"author":3,"featured_media":0,"comment_status":"open","ping_status":"open","sticky":false,"template":"","format":"standard","meta":{"footnotes":""},"categories":[23],"tags":[],"class_list":["post-255303","post","type-post","status-publish","format-standard","hentry","category-internacional"],"_links":{"self":[{"href":"https:\/\/diariodominicano.com\/index.php?rest_route=\/wp\/v2\/posts\/255303","targetHints":{"allow":["GET"]}}],"collection":[{"href":"https:\/\/diariodominicano.com\/index.php?rest_route=\/wp\/v2\/posts"}],"about":[{"href":"https:\/\/diariodominicano.com\/index.php?rest_route=\/wp\/v2\/types\/post"}],"author":[{"embeddable":true,"href":"https:\/\/diariodominicano.com\/index.php?rest_route=\/wp\/v2\/users\/3"}],"replies":[{"embeddable":true,"href":"https:\/\/diariodominicano.com\/index.php?rest_route=%2Fwp%2Fv2%2Fcomments&post=255303"}],"version-history":[{"count":0,"href":"https:\/\/diariodominicano.com\/index.php?rest_route=\/wp\/v2\/posts\/255303\/revisions"}],"wp:attachment":[{"href":"https:\/\/diariodominicano.com\/index.php?rest_route=%2Fwp%2Fv2%2Fmedia&parent=255303"}],"wp:term":[{"taxonomy":"category","embeddable":true,"href":"https:\/\/diariodominicano.com\/index.php?rest_route=%2Fwp%2Fv2%2Fcategories&post=255303"},{"taxonomy":"post_tag","embeddable":true,"href":"https:\/\/diariodominicano.com\/index.php?rest_route=%2Fwp%2Fv2%2Ftags&post=255303"}],"curies":[{"name":"wp","href":"https:\/\/api.w.org\/{rel}","templated":true}]}}