{"id":255301,"date":"2015-02-11T14:46:05","date_gmt":"2015-02-11T14:46:05","guid":{"rendered":"http:\/\/diariodominicano.ddns.net\/?p=255301"},"modified":"2015-02-11T14:46:05","modified_gmt":"2015-02-11T14:46:05","slug":"mandela-y-el-largo-camino-hacia-la-libertad","status":"publish","type":"post","link":"https:\/\/diariodominicano.com\/?p=255301","title":{"rendered":"&#13;Mandela y el largo camino hacia la libertad"},"content":{"rendered":"<p><body><\/p>\n<p><img decoding=\"async\" src=\"img3\/mandela.jpg\" \/>  <\/p>\n<p><span class=\"text1noticias\">\t\t\t<\/span><\/p>\n<p><span class=\"text1noticias\">  <\/span><\/p>\n<\/p>\n<p><span class=\"text1noticias\">Pretoria, 11 feb (PL) Por Nelson Mandela se siente un especial amor en Sud\u00e1frica, el pueblo habla de \u00e9l hoy como ese l\u00edder vivo que un d\u00eda les ense\u00f1\u00f3 el largo camino de la libertad, la reconciliaci\u00f3n y la igualdad.<\/span><\/p>\n<\/p>\n<p><span class=\"text1noticias\">Es dif\u00edcil que un sudafricano -de los que antes andaban por las calles porque la acera se reservaba solo para blancos-, que no sonr\u00eda y cuente alguna historia cuando se le pregunta por Madiba, como le llamaban con cari\u00f1o por su pertenencia a ese clan de la etnia xhosa.<\/span><\/p>\n<\/p>\n<p><span class=\"text1noticias\">Todav\u00eda es muy cercana la memoria. Hay quienes mencionan las jornadas en que estaban pendientes del \u00faltimo parte m\u00e9dico hasta que cerr\u00f3 los ojos el jueves 5 de diciembre de 2013.<\/span><\/p>\n<\/p>\n<p><span class=\"text1noticias\">Otros mencionan la magia de su personalidad y el por qu\u00e9 a Madiba tambi\u00e9n se le considera Tata (padre).<\/span><\/p>\n<\/p>\n<p><span class=\"text1noticias\">Est\u00e1n las historias de cuando entr\u00f3 a Union Building como el primer presidente negro en la historia de Sud\u00e1frica.<\/span><\/p>\n<\/p>\n<p><span class=\"text1noticias\">Tambi\u00e9n esas an\u00e9cdotas que se siguen tejiendo a los pies de ese mismo Mandela a\u00fan m\u00e1s grande perpetuado en bronce que flanquea con sus brazos abiertos, la entrada al Palacio de Gobierno.<\/span><\/p>\n<\/p>\n<p><span class=\"text1noticias\">Mas este 11 de febrero el pensamiento especial para Mandela va hacia aquel \u00abcaluroso verano de 1990\u00bb, como refleja la prensa de la \u00e9poca, cuando el prisionero n\u00famero 46664 abandonaba de una vez, y por siempre, una prisi\u00f3n de Cape Town, despu\u00e9s de 27 a\u00f1os confinado.<\/span><\/p>\n<\/p>\n<p><span class=\"text1noticias\">Un d\u00eda antes, el entonces presidente Frederick de Klerk inform\u00f3 que en 24 horas estar\u00eda liberando incondicionalmente a Mandela. Ya era el preso pol\u00edtico m\u00e1s famoso del mundo.<\/span><\/p>\n<\/p>\n<p><span class=\"text1noticias\">El 11 de febrero de 1990 -dicen que era domingo-, durante el discurso pronunciado ante 50 mil personas tras ser liberado, Mandela reiter\u00f3 lo que expres\u00f3 cuando lo juzgaron y condenaron en 1964 a permanecer de por vida en una c\u00e1rcel.<\/span><\/p>\n<\/p>\n<p><span class=\"text1noticias\">\u00abHe so\u00f1ado con un ideal de una sociedad democr\u00e1tica y libre en la que todas las personas vivan juntas en armon\u00eda y con igualdad de oportunidades. Es un ideal que espero vivir y lograr. Pero si es necesario, es un ideal por el que estoy dispuesto a morir\u00bb.<\/span><\/p>\n<\/p>\n<p><span class=\"text1noticias\">Trat\u00f3 de cumplirlo cuando en 1994 lleg\u00f3 a Union Building. Madiba logr\u00f3 armonizar los temores de los blancos con los anhelos de una mayor\u00eda negra, hasta entonces oprimida, y fundir ese grito irrenunciable y musical que parece escucharse desde la colina del Palacio de Gobierno: \u00c2\u00edAmandla!, \u00c2\u00edAmandla! \u00c2\u00edAwethu! (el poder para el pueblo).<\/span><\/p>\n<h6> 2015-02-11 14:46:05 <\/h6>\n<p><!--\n<link rel=\"stylesheet\" href=\"css\/bootstrap.min.css\">\n\n\n<ul class=\"pagination\">\n\t    \n\t\n\n<li >\n\t<a href='?page_no=24945'>Previous<\/a>\n\t<\/li>\n\n\n       \n    \n\n<li><a href='?page_no=1'>1<\/a><\/li>\n\n\n\n<li><a href='?page_no=2'>2<\/a><\/li>\n\n\n\n<li><a>...<\/a><\/li>\n\n\n\n<li><a href='?page_no=24944'>24944<\/a><\/li>\n\n\n\n<li><a href='?page_no=24945'>24945<\/a><\/li>\n\n\n\n<li class='active'><a>24946<\/a><\/li>\n\n\n\n<li><a href='?page_no=24947'>24947<\/a><\/li>\n\n\n\n<li><a href='?page_no=24948'>24948<\/a><\/li>\n\n\n\n<li><a>...<\/a><\/li>\n\n\n\n<li><a href='?page_no=51012'>51012<\/a><\/li>\n\n\n\n<li><a href='?page_no=51013'>51013<\/a><\/li>\n\n    \n\t\n\n<li >\n\t<a href='?page_no=24947'>Next<\/a>\n\t<\/li>\n\n\n    \n\n<li><a href='?page_no=51013'>Last &rsaquo;&rsaquo;<\/a><\/li>\n\n<\/ul>\n\n\n--><br \/>\n<\/body><\/p>\n","protected":false},"excerpt":{"rendered":"<p>Pretoria, 11 feb (PL) Por Nelson Mandela se siente un especial amor en Sud\u00e1frica, el pueblo habla de \u00e9l hoy como ese l\u00edder vivo que un d\u00eda les ense\u00f1\u00f3 el largo camino de la libertad, la reconciliaci\u00f3n y la igualdad. Es dif\u00edcil que un sudafricano -de los que antes andaban por las calles porque la [&hellip;]<\/p>\n","protected":false},"author":3,"featured_media":0,"comment_status":"open","ping_status":"open","sticky":false,"template":"","format":"standard","meta":{"footnotes":""},"categories":[23],"tags":[],"class_list":["post-255301","post","type-post","status-publish","format-standard","hentry","category-internacional"],"_links":{"self":[{"href":"https:\/\/diariodominicano.com\/index.php?rest_route=\/wp\/v2\/posts\/255301","targetHints":{"allow":["GET"]}}],"collection":[{"href":"https:\/\/diariodominicano.com\/index.php?rest_route=\/wp\/v2\/posts"}],"about":[{"href":"https:\/\/diariodominicano.com\/index.php?rest_route=\/wp\/v2\/types\/post"}],"author":[{"embeddable":true,"href":"https:\/\/diariodominicano.com\/index.php?rest_route=\/wp\/v2\/users\/3"}],"replies":[{"embeddable":true,"href":"https:\/\/diariodominicano.com\/index.php?rest_route=%2Fwp%2Fv2%2Fcomments&post=255301"}],"version-history":[{"count":0,"href":"https:\/\/diariodominicano.com\/index.php?rest_route=\/wp\/v2\/posts\/255301\/revisions"}],"wp:attachment":[{"href":"https:\/\/diariodominicano.com\/index.php?rest_route=%2Fwp%2Fv2%2Fmedia&parent=255301"}],"wp:term":[{"taxonomy":"category","embeddable":true,"href":"https:\/\/diariodominicano.com\/index.php?rest_route=%2Fwp%2Fv2%2Fcategories&post=255301"},{"taxonomy":"post_tag","embeddable":true,"href":"https:\/\/diariodominicano.com\/index.php?rest_route=%2Fwp%2Fv2%2Ftags&post=255301"}],"curies":[{"name":"wp","href":"https:\/\/api.w.org\/{rel}","templated":true}]}}