{"id":255300,"date":"2015-02-11T14:52:50","date_gmt":"2015-02-11T14:52:50","guid":{"rendered":"http:\/\/diariodominicano.ddns.net\/?p=255300"},"modified":"2015-02-11T14:52:50","modified_gmt":"2015-02-11T14:52:50","slug":"presidente-cubano-conversa-con-homologo-turco","status":"publish","type":"post","link":"https:\/\/diariodominicano.com\/?p=255300","title":{"rendered":"&#13;Presidente cubano conversa con hom\u00f3logo turco"},"content":{"rendered":"<p><body><\/p>\n<p><img decoding=\"async\" src=\"img3\/raul-palacio.jpg\" \/>  <\/p>\n<p><span class=\"text1noticias\">\t\t<\/span><\/p>\n<\/p>\n<p><span class=\"text1noticias\">  <\/span><\/p>\n<\/p>\n<p><span class=\"text1noticias\">La Habana, 11 feb (PL) El mandatario cubano, Ra\u00fal Castro, convers\u00f3 hoy con el presidente turco, Recep Tayyip Erdogan, quien se encuentra de visita oficial en el pa\u00eds caribe\u00f1o.<\/span><\/p>\n<p><span class=\"text1noticias\"> <\/span><\/p>\n<p><span class=\"text1noticias\">Ambos mandatarios dialogaron acerca del positivo estado de las relaciones bilaterales y confirmaron la voluntad de continuar profundizando los v\u00ednculos y de fortalecer el di\u00e1logo entre las dos naciones. Asimismo, intercambiaron sobre temas de la agenda internacional.<\/span><\/p>\n<\/p>\n<p><span class=\"text1noticias\">Acompa\u00f1aron al distinguido visitante Mevl\u00fct \u00c7avu?o?lu, ministro de Asuntos Exteriores; y los titulares de Econom\u00eda Nihat Zeybek\u00e7i, de Alimentos, de Agricultura y Ganader\u00eda Mehdi Eker, de Cultura y turismo Omer \u00c7elik, y Hasan Servet Oktem, embajador de Turqu\u00eda en La Habana.<\/span><\/p>\n<\/p>\n<p><span class=\"text1noticias\">Por la parte cubana estuvieron presentes el canciller Bruno Rodr\u00edguez, Juli\u00e1n Gonz\u00e1lez (ministro de Cultura), Manuel Marrero (Turismo), Antonio Carricarte (ministro en funciones de Comercio Exterior y la Inversi\u00f3n Extranjera), Rogelio Sierra (vicetitular de Relaciones Exteriores) y Alberto Gonz\u00e1lez Casals, embajador en Turqu\u00eda.<\/span><\/p>\n<\/p>\n<p><span class=\"text1noticias\">El programa incluy\u00f3, adem\u00e1s, la colocaci\u00f3n de una ofrenda floral en el monumento ante el H\u00e9roe Nacional cubano, Jos\u00e9 Mart\u00ed, en la Plaza de la Revoluci\u00f3n, y un recorrido por el Memorial que guarda algunos de sus objetos personales, documentos y fotograf\u00edas.<\/span><\/p>\n<\/p>\n<p><span class=\"text1noticias\">Al t\u00e9rmino de la ceremonia, en la que le acompa\u00f1\u00f3 el vicecanciller Rogelio Sierra, Erdogan se dirigi\u00f3 con un gracias en perfecto espa\u00f1ol a los periodistas que cubren la visita.<\/span><\/p>\n<\/p>\n<p><span class=\"text1noticias\">De acuerdo con la agenda entregada previamente a los periodistas, el presidente concluir\u00e1 esta noche su estancia en Cuba.<\/span><\/p>\n<h6> 2015-02-11 14:52:50 <\/h6>\n<p><!--\n<link rel=\"stylesheet\" href=\"css\/bootstrap.min.css\">\n\n\n<ul class=\"pagination\">\n\t    \n\t\n\n<li >\n\t<a href='?page_no=24944'>Previous<\/a>\n\t<\/li>\n\n\n       \n    \n\n<li><a href='?page_no=1'>1<\/a><\/li>\n\n\n\n<li><a href='?page_no=2'>2<\/a><\/li>\n\n\n\n<li><a>...<\/a><\/li>\n\n\n\n<li><a href='?page_no=24943'>24943<\/a><\/li>\n\n\n\n<li><a href='?page_no=24944'>24944<\/a><\/li>\n\n\n\n<li class='active'><a>24945<\/a><\/li>\n\n\n\n<li><a href='?page_no=24946'>24946<\/a><\/li>\n\n\n\n<li><a href='?page_no=24947'>24947<\/a><\/li>\n\n\n\n<li><a>...<\/a><\/li>\n\n\n\n<li><a href='?page_no=51012'>51012<\/a><\/li>\n\n\n\n<li><a href='?page_no=51013'>51013<\/a><\/li>\n\n    \n\t\n\n<li >\n\t<a href='?page_no=24946'>Next<\/a>\n\t<\/li>\n\n\n    \n\n<li><a href='?page_no=51013'>Last &rsaquo;&rsaquo;<\/a><\/li>\n\n<\/ul>\n\n\n--><br \/>\n<\/body><\/p>\n","protected":false},"excerpt":{"rendered":"<p>La Habana, 11 feb (PL) El mandatario cubano, Ra\u00fal Castro, convers\u00f3 hoy con el presidente turco, Recep Tayyip Erdogan, quien se encuentra de visita oficial en el pa\u00eds caribe\u00f1o. Ambos mandatarios dialogaron acerca del positivo estado de las relaciones bilaterales y confirmaron la voluntad de continuar profundizando los v\u00ednculos y de fortalecer el di\u00e1logo entre [&hellip;]<\/p>\n","protected":false},"author":3,"featured_media":0,"comment_status":"open","ping_status":"open","sticky":false,"template":"","format":"standard","meta":{"footnotes":""},"categories":[23],"tags":[],"class_list":["post-255300","post","type-post","status-publish","format-standard","hentry","category-internacional"],"_links":{"self":[{"href":"https:\/\/diariodominicano.com\/index.php?rest_route=\/wp\/v2\/posts\/255300","targetHints":{"allow":["GET"]}}],"collection":[{"href":"https:\/\/diariodominicano.com\/index.php?rest_route=\/wp\/v2\/posts"}],"about":[{"href":"https:\/\/diariodominicano.com\/index.php?rest_route=\/wp\/v2\/types\/post"}],"author":[{"embeddable":true,"href":"https:\/\/diariodominicano.com\/index.php?rest_route=\/wp\/v2\/users\/3"}],"replies":[{"embeddable":true,"href":"https:\/\/diariodominicano.com\/index.php?rest_route=%2Fwp%2Fv2%2Fcomments&post=255300"}],"version-history":[{"count":0,"href":"https:\/\/diariodominicano.com\/index.php?rest_route=\/wp\/v2\/posts\/255300\/revisions"}],"wp:attachment":[{"href":"https:\/\/diariodominicano.com\/index.php?rest_route=%2Fwp%2Fv2%2Fmedia&parent=255300"}],"wp:term":[{"taxonomy":"category","embeddable":true,"href":"https:\/\/diariodominicano.com\/index.php?rest_route=%2Fwp%2Fv2%2Fcategories&post=255300"},{"taxonomy":"post_tag","embeddable":true,"href":"https:\/\/diariodominicano.com\/index.php?rest_route=%2Fwp%2Fv2%2Ftags&post=255300"}],"curies":[{"name":"wp","href":"https:\/\/api.w.org\/{rel}","templated":true}]}}