{"id":255297,"date":"2015-02-11T22:42:20","date_gmt":"2015-02-11T22:42:20","guid":{"rendered":"http:\/\/diariodominicano.ddns.net\/?p=255297"},"modified":"2015-02-11T22:42:20","modified_gmt":"2015-02-11T22:42:20","slug":"obama-pide-nueva-autorizacion-de-poder-limitada-a-tres-anos","status":"publish","type":"post","link":"https:\/\/diariodominicano.com\/?p=255297","title":{"rendered":"Obama pide nueva autorizaci\u00f3n de poder limitada a tres a\u00f1os"},"content":{"rendered":"<p><body><\/p>\n<p><img decoding=\"async\" src=\"img3\/Obama baract.jpg\" \/>  <\/p>\n<p><span class=\"text1noticias\">WASHINGTON, 11 feb (Xinhua) &#8212; El presidente de Estados Unidos, Barack Obama, pidi\u00f3 hoy al Congreso que apruebe de manera formal el uso de la fuerza militar contra los militantes del Estado Isl\u00e1mico (EI) y se\u00f1al\u00f3 que la coalici\u00f3n dirigida por Estados Unidos \u00abest\u00e1 en plena ofensiva\u00bb y el grupo extremista \u00abva a perder\u00bb.<\/span><\/p>\n<p><span class=\"text1noticias\"> <\/span><\/p>\n<p><span class=\"text1noticias\">La petici\u00f3n al Congreso no pide el despliegue de fuerzas de combate terrestre de Estados Unidos en Irak o Siria y la autorizaci\u00f3n se limita a tres a\u00f1os, dijo Obama en la Casa Blanca durante un mensaje transmitido por televisi\u00f3n horas antes.<\/span><\/p>\n<p><span class=\"text1noticias\"> <\/span><\/p>\n<p><span class=\"text1noticias\">La legislaci\u00f3n propuesta \u00abno es una autorizaci\u00f3n para otra guerra terrestre como la de Afganist\u00e1n o Irak\u00bb, aclar\u00f3 el presidente. \u00abEstoy convencido de que Estados Unidos no debe ser arrastrado a otra prolongada guerra terrestre en Medio Oriente\u00bb.<\/span><\/p>\n<p><span class=\"text1noticias\"> <\/span><\/p>\n<p><span class=\"text1noticias\">Pero Obama dijo que al mismo tiempo, la legislaci\u00f3n \u00ablogra el equilibrio necesario para darnos la flexibilidad que necesitamos para circunstancias no previstas\u00bb.<\/span><\/p>\n<p><span class=\"text1noticias\"> <\/span><\/p>\n<p><span class=\"text1noticias\">\u00abEsta resoluci\u00f3n dar\u00e1 a nuestras fuerzas armadas la continuidad que necesitamos para los pr\u00f3ximos tres a\u00f1os. No es un cronograma. No estoy anunciando que la misi\u00f3n vaya a ser terminado en un alg\u00fan per\u00edodo determinado. Lo que estoy diciendo es que el Congreso debe volver a revisar el asunto al comienzo del per\u00edodo del pr\u00f3ximo presidente\u00bb, dijo Obama.<\/span><\/p>\n<p><span class=\"text1noticias\"> <\/span><\/p>\n<p><span class=\"text1noticias\">Obama est\u00e1 seguro de que la legislaci\u00f3n podr\u00e1 \u00abganar un fuerte apoyo bipartidista\u00bb y mostrar\u00e1 que \u00ablos estadounidenses est\u00e1n unidos en esta misi\u00f3n\u00bb.<\/span><\/p>\n<p><span class=\"text1noticias\"> <\/span><\/p>\n<p><span class=\"text1noticias\">\u00abPara elaborar la resoluci\u00f3n, consult\u00e9 y escuch\u00e9 tanto a republicanos como dem\u00f3cratas en el Congreso\u00bb, a\u00f1adi\u00f3 el presidente.<\/span><\/p>\n<p><span class=\"text1noticias\">\u00abHemos visto informes de una moral por los suelos entre los combatientes del EI al darse cuenta de la futilidad de su causa\u00bb, dijo Obama, aunque reconoci\u00f3 que la misi\u00f3n de derrotar al EI seguir\u00e1 siendo \u00abdif\u00edcil durante alg\u00fan ti<\/span>empo\u00bb.<\/p>\n<h6> 2015-02-11 22:42:20 <\/h6>\n<p><!--\n<link rel=\"stylesheet\" href=\"css\/bootstrap.min.css\">\n\n\n<ul class=\"pagination\">\n\t    \n\t\n\n<li >\n\t<a href='?page_no=24941'>Previous<\/a>\n\t<\/li>\n\n\n       \n    \n\n<li><a href='?page_no=1'>1<\/a><\/li>\n\n\n\n<li><a href='?page_no=2'>2<\/a><\/li>\n\n\n\n<li><a>...<\/a><\/li>\n\n\n\n<li><a href='?page_no=24940'>24940<\/a><\/li>\n\n\n\n<li><a href='?page_no=24941'>24941<\/a><\/li>\n\n\n\n<li class='active'><a>24942<\/a><\/li>\n\n\n\n<li><a href='?page_no=24943'>24943<\/a><\/li>\n\n\n\n<li><a href='?page_no=24944'>24944<\/a><\/li>\n\n\n\n<li><a>...<\/a><\/li>\n\n\n\n<li><a href='?page_no=51012'>51012<\/a><\/li>\n\n\n\n<li><a href='?page_no=51013'>51013<\/a><\/li>\n\n    \n\t\n\n<li >\n\t<a href='?page_no=24943'>Next<\/a>\n\t<\/li>\n\n\n    \n\n<li><a href='?page_no=51013'>Last &rsaquo;&rsaquo;<\/a><\/li>\n\n<\/ul>\n\n\n--><br \/>\n<\/body><\/p>\n","protected":false},"excerpt":{"rendered":"<p>WASHINGTON, 11 feb (Xinhua) &#8212; El presidente de Estados Unidos, Barack Obama, pidi\u00f3 hoy al Congreso que apruebe de manera formal el uso de la fuerza militar contra los militantes del Estado Isl\u00e1mico (EI) y se\u00f1al\u00f3 que la coalici\u00f3n dirigida por Estados Unidos \u00abest\u00e1 en plena ofensiva\u00bb y el grupo extremista \u00abva a perder\u00bb. La [&hellip;]<\/p>\n","protected":false},"author":3,"featured_media":0,"comment_status":"open","ping_status":"open","sticky":false,"template":"","format":"standard","meta":{"footnotes":""},"categories":[23],"tags":[],"class_list":["post-255297","post","type-post","status-publish","format-standard","hentry","category-internacional"],"_links":{"self":[{"href":"https:\/\/diariodominicano.com\/index.php?rest_route=\/wp\/v2\/posts\/255297","targetHints":{"allow":["GET"]}}],"collection":[{"href":"https:\/\/diariodominicano.com\/index.php?rest_route=\/wp\/v2\/posts"}],"about":[{"href":"https:\/\/diariodominicano.com\/index.php?rest_route=\/wp\/v2\/types\/post"}],"author":[{"embeddable":true,"href":"https:\/\/diariodominicano.com\/index.php?rest_route=\/wp\/v2\/users\/3"}],"replies":[{"embeddable":true,"href":"https:\/\/diariodominicano.com\/index.php?rest_route=%2Fwp%2Fv2%2Fcomments&post=255297"}],"version-history":[{"count":0,"href":"https:\/\/diariodominicano.com\/index.php?rest_route=\/wp\/v2\/posts\/255297\/revisions"}],"wp:attachment":[{"href":"https:\/\/diariodominicano.com\/index.php?rest_route=%2Fwp%2Fv2%2Fmedia&parent=255297"}],"wp:term":[{"taxonomy":"category","embeddable":true,"href":"https:\/\/diariodominicano.com\/index.php?rest_route=%2Fwp%2Fv2%2Fcategories&post=255297"},{"taxonomy":"post_tag","embeddable":true,"href":"https:\/\/diariodominicano.com\/index.php?rest_route=%2Fwp%2Fv2%2Ftags&post=255297"}],"curies":[{"name":"wp","href":"https:\/\/api.w.org\/{rel}","templated":true}]}}