{"id":255295,"date":"2015-02-12T11:33:56","date_gmt":"2015-02-12T11:33:56","guid":{"rendered":"http:\/\/diariodominicano.ddns.net\/?p=255295"},"modified":"2015-02-12T11:33:56","modified_gmt":"2015-02-12T11:33:56","slug":"mueren-300-inmigrantes-en-un-nuevo-drama-al-intentar-llegar-a-italia","status":"publish","type":"post","link":"https:\/\/diariodominicano.com\/?p=255295","title":{"rendered":"Mueren 300 inmigrantes en un nuevo drama al intentar llegar a Italia"},"content":{"rendered":"<p><body><\/p>\n<p><img decoding=\"async\" src=\"img3\/ita 5.jpg\" \/><br \/><img decoding=\"async\" src=\"img3\/ita 3.jpg\" \/><br \/><img decoding=\"async\" src=\"img3\/ita 2.jpg\" \/>  <\/p>\n<p>Roma, Italia 12 febrero.- Al menos 300 inmigrantes murieron en los \u00faltimos d\u00edas en el Canal de Sicilia, 29 de ellos por hipotermia y el resto al naufragar las barcazas en las que viajaban a Italia desde Libia, seg\u00fan se supo hoy por el relato de los rescatados por la Guardia Costera italiana.<\/p>\n<\/p>\n<p>La cifra de personas muertas en este nuevo drama de la inmigraci\u00f3n aument\u00f3 conforme se fueron conociendo los testimonios de los rescatados, como explicaron el Alto Comisionado de la ONU para los Refugiados (ACNUR) y la Organizaci\u00f3n Internacional de las Migraciones (OIM).<\/p>\n<\/p>\n<p>\u00abNuevos detalles sobre la tragedia en el #Mediterr\u00e1neo: 4 lanchas. Rescatada 1 de 4. Una est\u00e1 desaparecida. Al menos 300 personas han muerto\u00bb, escribi\u00f3 la portavoz de ACNUR en Italia, Carlotta Sami, en un mensaje en la red social Twitter.<\/p>\n<\/p>\n<p>Del recuento que hicieron los supervivientes se desprende que cuatro botes neum\u00e1ticos, con unas cien personas a bordo cada uno, partieron de una playa cercana a Tr\u00edpoli (Libia) el pasado s\u00e1bado por la tarde.<\/p>\n<\/p>\n<p>Los traficantes de personas les quitaron sus pertenencias antes de embarcarlos y los llevaron a alta mar a pesar de las p\u00e9simas condiciones meteorol\u00f3gicas.<\/p>\n<\/p>\n<p>El lunes se encontraron dos lanchas neum\u00e1ticas pr\u00e1cticamente vac\u00edas, una con tan s\u00f3lo dos personas que hab\u00edan logrado aferrarse y la otra con siete.<\/p>\n<\/p>\n<p>Despu\u00e9s de que fueran socorridos, estos sin papeles aseguraron que junto a ellos viajaban 105 y 107 personas, respectivamente.<\/p>\n<\/p>\n<p>La tercera lancha que parti\u00f3 desde Libia es en la que viajaban los 106 inmigrantes que fueron rescatados el lunes, de los que 29 fallecieron por hipotermia, seg\u00fan datos confirmados por la Guardia Costera.<\/p>\n<\/p>\n<p>Los f\u00e9retros con esos inmigrantes muertos de fr\u00edo ser\u00e1n trasladados hoy a Porto Empedocle para recibir sepultura, mientras que los supervivientes, entre ellos un ni\u00f1o de 12 a\u00f1os que viajaba solo, se encuentran en Lampedusa, donde permanecer\u00e1n otras 24 horas para poder recuperarse.<\/p>\n<\/p>\n<p>El cuarto bote neum\u00e1tico permanece desaparecido.<\/p>\n<\/p>\n<p>Esta es la en\u00e9sima tragedia que ocurre en las aguas del mar Mediterr\u00e1neo y sucede despu\u00e9s de que la Uni\u00f3n Europea (UE) pusiera en marcha el pasado 1 de noviembre la operaci\u00f3n de salvamento \u00abTrit\u00f3n\u00bb.<\/p>\n<\/p>\n<p>Este dispositivo comenz\u00f3 meses despu\u00e9s de que Italia pidiera reiteradamente ayuda a los Veintiocho para que financiaran los gastos generados por patrullar, socorrer y trasladar a puerto a los miles de inmigrantes que en los \u00faltimos a\u00f1os se han embarcado en pateras con destino Europa.<\/p>\n<\/p>\n<p>Sin embargo, algunas voces cr\u00edticas se amparan en las \u00faltimas tragedias para asegurar que \u00abTrit\u00f3n\u00bb no es suficiente, pues cuenta con menos embarcaciones y no puede acercarse a las costas libias.<\/p>\n<\/p>\n<p>\u00ab#lampedusa, otros muertos. Ya lo hemos dicho: Trit\u00f3n no es suficiente\u00bb, escribi\u00f3 en Twitter la portavoz de ACNUR tras conocer la noticia.<\/p>\n<\/p>\n<p>Carlotta Sami insisti\u00f3 en un segundo mensaje en que \u00abFrontex, Triton, no pueden ser las \u00fanicas formas de solidaridad y de humanidad que Europa debe demostrar\u00bb.<\/p>\n<\/p>\n<p>Tambi\u00e9n la alcaldesa de Lampedusa, Giusi Nicolini, consider\u00f3 que el operativo europeo de control de fronteras Trit\u00f3n \u00abno sirve para nada\u00bb y pidi\u00f3 que fuese sustituido ya que no salva vidas.<\/p>\n<\/p>\n<p>La comunidad internacional ha lamentado el suceso y el ministro del Interior italiano, Angelino Alfano, uno de los que m\u00e1s reivindicaron ayuda a sus socios europeos, expres\u00f3 su \u00abprofundo dolor\u00bb por la tragedia durante una rueda de prensa el martes.<\/p>\n<\/p>\n<p>El titular de Interior aplaudi\u00f3 la iniciativa de la jefa de la diplomacia comunitaria, Federica Mogherini, que anunci\u00f3 que ha decidido incluir en la agenda de un pr\u00f3ximo Consejo de ministros de Asuntos Exteriores, del que no precis\u00f3 fecha, la cuesti\u00f3n de la inmigraci\u00f3n irregular.<\/p>\n<\/p>\n<p>\u00abEse es el camino que debemos seguir en Europa. Italia ya ha hecho todo lo que estaba en su mano y ha aportado sus recursos durante mucho tiempo. Ahora le toca al conjunto de la UE actuar\u00bb, afirm\u00f3.<\/p>\n<\/p>\n<p>El l\u00edder del Nuevo Centro Derecha (Ncd), Angelino Alfano, habl\u00f3 de las pol\u00edticas que tiene que poner en marcha la UE y que se basan no solo en financiar programas de asistencia a inmigrantes en el mar, sino en el \u00abagravamiento de las penas de c\u00e1rcel para los traficantes\u00bb.<\/p>\n<\/p>\n<p>\u00abSolo los criminales y los asesinos pueden hacer partir barcos como estos en los que mueren tantas personas. Hay que perseguirlos y deben tener miedo de la Justicia europea\u00bb, concluy\u00f3.<\/p>\n<\/p>\n<h6> 2015-02-12 11:33:56 <\/h6>\n<p><!--\n<link rel=\"stylesheet\" href=\"css\/bootstrap.min.css\">\n\n\n<ul class=\"pagination\">\n\t    \n\t\n\n<li >\n\t<a href='?page_no=24939'>Previous<\/a>\n\t<\/li>\n\n\n       \n    \n\n<li><a href='?page_no=1'>1<\/a><\/li>\n\n\n\n<li><a href='?page_no=2'>2<\/a><\/li>\n\n\n\n<li><a>...<\/a><\/li>\n\n\n\n<li><a href='?page_no=24938'>24938<\/a><\/li>\n\n\n\n<li><a href='?page_no=24939'>24939<\/a><\/li>\n\n\n\n<li class='active'><a>24940<\/a><\/li>\n\n\n\n<li><a href='?page_no=24941'>24941<\/a><\/li>\n\n\n\n<li><a href='?page_no=24942'>24942<\/a><\/li>\n\n\n\n<li><a>...<\/a><\/li>\n\n\n\n<li><a href='?page_no=51012'>51012<\/a><\/li>\n\n\n\n<li><a href='?page_no=51013'>51013<\/a><\/li>\n\n    \n\t\n\n<li >\n\t<a href='?page_no=24941'>Next<\/a>\n\t<\/li>\n\n\n    \n\n<li><a href='?page_no=51013'>Last &rsaquo;&rsaquo;<\/a><\/li>\n\n<\/ul>\n\n\n--><br \/>\n<\/body><\/p>\n","protected":false},"excerpt":{"rendered":"<p>Roma, Italia 12 febrero.- Al menos 300 inmigrantes murieron en los \u00faltimos d\u00edas en el Canal de Sicilia, 29 de ellos por hipotermia y el resto al naufragar las barcazas en las que viajaban a Italia desde Libia, seg\u00fan se supo hoy por el relato de los rescatados por la Guardia Costera italiana. La cifra [&hellip;]<\/p>\n","protected":false},"author":3,"featured_media":0,"comment_status":"open","ping_status":"open","sticky":false,"template":"","format":"standard","meta":{"footnotes":""},"categories":[23],"tags":[],"class_list":["post-255295","post","type-post","status-publish","format-standard","hentry","category-internacional"],"_links":{"self":[{"href":"https:\/\/diariodominicano.com\/index.php?rest_route=\/wp\/v2\/posts\/255295","targetHints":{"allow":["GET"]}}],"collection":[{"href":"https:\/\/diariodominicano.com\/index.php?rest_route=\/wp\/v2\/posts"}],"about":[{"href":"https:\/\/diariodominicano.com\/index.php?rest_route=\/wp\/v2\/types\/post"}],"author":[{"embeddable":true,"href":"https:\/\/diariodominicano.com\/index.php?rest_route=\/wp\/v2\/users\/3"}],"replies":[{"embeddable":true,"href":"https:\/\/diariodominicano.com\/index.php?rest_route=%2Fwp%2Fv2%2Fcomments&post=255295"}],"version-history":[{"count":0,"href":"https:\/\/diariodominicano.com\/index.php?rest_route=\/wp\/v2\/posts\/255295\/revisions"}],"wp:attachment":[{"href":"https:\/\/diariodominicano.com\/index.php?rest_route=%2Fwp%2Fv2%2Fmedia&parent=255295"}],"wp:term":[{"taxonomy":"category","embeddable":true,"href":"https:\/\/diariodominicano.com\/index.php?rest_route=%2Fwp%2Fv2%2Fcategories&post=255295"},{"taxonomy":"post_tag","embeddable":true,"href":"https:\/\/diariodominicano.com\/index.php?rest_route=%2Fwp%2Fv2%2Ftags&post=255295"}],"curies":[{"name":"wp","href":"https:\/\/api.w.org\/{rel}","templated":true}]}}