{"id":255294,"date":"2015-02-12T14:01:39","date_gmt":"2015-02-12T14:01:39","guid":{"rendered":"http:\/\/diariodominicano.ddns.net\/?p=255294"},"modified":"2015-02-12T14:01:39","modified_gmt":"2015-02-12T14:01:39","slug":"el-vaticano-cambiara-pero-bajo-transparencia-y-eficacia-segun-papa","status":"publish","type":"post","link":"https:\/\/diariodominicano.com\/?p=255294","title":{"rendered":"El Vaticano cambiar\u00e1, pero bajo transparencia y eficacia, seg\u00fan Papa"},"content":{"rendered":"<p><body><\/p>\n<p><img decoding=\"async\" src=\"img3\/papafco.jpg\" \/>  <\/p>\n<p><span class=\"text1noticias\">\t\t<\/span><\/p>\n<p><span class=\"text1noticias\">  <\/span><\/p>\n<\/p>\n<p><span class=\"text1noticias\">Roma, 12 feb (PL) El papa Francisco defini\u00f3 hoy como objetivo final de la reforma para modificar las principales estructuras del Vaticano la absoluta transparencia y la eficacia en el trabajo.<\/span><\/p>\n<\/p>\n<p><span class=\"text1noticias\">Para ello, el Sumo Pont\u00edfice inst\u00f3 a los cardenales encargados de asesorarle en los cambios de la Curia Romana, a trabajar con mayor eficiencia y claridad en la administraci\u00f3n central de la Iglesia cat\u00f3lica.<\/span><\/p>\n<\/p>\n<p><span class=\"text1noticias\">Esas informaciones fueron publicadas en la web oficial de Radio Vaticano, pues la reuni\u00f3n entre el Santo Padre, el llamado C9 y otros 165 cardenales miembros del Consejo cardenalicio se efect\u00faan a puestas cerradas.<\/span><\/p>\n<\/p>\n<p><span class=\"text1noticias\">Francisco, quien fue elegido en 2013 para su pontificado bajo la premisa, entre otras, de reformar la Curia y su compendio de documentos criticados por una innecesaria burocracia, dej\u00f3 clara su determinaci\u00f3n de acercar a sus mil 200 millones de fieles a la jerarqu\u00eda de la Santa Sede.<\/span><\/p>\n<\/p>\n<p><span class=\"text1noticias\">La meta a alcanzar es siempre la de favorecer una mayor armon\u00eda en el trabajo de los varios ministerios y oficinas, para realizar as\u00ed una colaboraci\u00f3n m\u00e1s certera y ofrecer la transparencia que edifica la aut\u00e9ntica sinodalidad y la verdadera colegialidad, indic\u00f3 el Papa.<\/span><\/p>\n<\/p>\n<p><span class=\"text1noticias\">De acuerdo con el citado medio, en el encuentro de los prelados se presentar\u00e1n informes sobre las finanzas del <\/span><\/p>\n<\/p>\n<p><span class=\"text1noticias\">Vaticano y la crisis mundial generada por los casos de abusos a menores por parte de religiosos.<\/span><\/p>\n<\/p>\n<p><span class=\"text1noticias\">Sobresale tambi\u00e9n entre las propuestas a discutirse la creaci\u00f3n de un \u00e1rea dedicada al medioambiente.<\/span><\/p>\n<\/p>\n<p><span class=\"text1noticias\">Esta es, en palabras de jefe de la oficina de prensa, Federico Lombardi, la \u00fanica moci\u00f3n que hasta ahora parece encontrar consenso entre las modificaciones planteadas, adem\u00e1s de la de englobar algunos Consejos Pontificios en s\u00f3lo dos: Laicos, Familia y Vida y Caridad, Justicia y Paz.<\/span><\/p>\n<\/p>\n<p><span class=\"text1noticias\">El l\u00edder de la Iglesia cat\u00f3lica anticip\u00f3 que durante el encuentro de este d\u00eda se presentar\u00e1n los resultados de los \u00faltimos meses de trabajo del C-9.<\/span><\/p>\n<\/p>\n<p><span class=\"text1noticias\">La nueva Constituci\u00f3n que regular\u00e1 al gobierno del Vaticano sustituir\u00e1 a la actual, la Pastor Bonus de 1988.<\/span><\/p>\n<\/p>\n<p><span class=\"text1noticias\">Seg\u00fan reportes de la prensa internacional, las luchas de poder y las filtraciones en el seno de la Curia, dominada por los italianos, fueron ampliamente consideradas como responsables de la decisi\u00f3n de Benedicto XVI de renunciar hace dos a\u00f1os, el primer Papa en seis siglos en abandonar su cargo.<\/span><\/p>\n<\/p>\n<p><span class=\"text1noticias\">En diciembre de 2014, Francisco critic\u00f3 con dureza a los sacerdotes, obispos y cardenales al frente de la Curia, al asegurar que el arribismo, las intrigas y la codicia les infectaron con Alzheimer espiritual.<\/span><\/p>\n<\/p>\n<p><span class=\"text1noticias\">Con anterioridad, el Vaticano entreg\u00f3 a todos los departamentos un manual de \u00e9tica y responsabilidad econ\u00f3mica como parte del esfuerzo del Papa para limpiar las finanzas de la Santa Sede tras una serie de esc\u00e1ndalos.<\/span><\/p>\n<\/p>\n<h6> 2015-02-12 14:01:39 <\/h6>\n<p><!--\n<link rel=\"stylesheet\" href=\"css\/bootstrap.min.css\">\n\n\n<ul class=\"pagination\">\n\t    \n\t\n\n<li >\n\t<a href='?page_no=24938'>Previous<\/a>\n\t<\/li>\n\n\n       \n    \n\n<li><a href='?page_no=1'>1<\/a><\/li>\n\n\n\n<li><a href='?page_no=2'>2<\/a><\/li>\n\n\n\n<li><a>...<\/a><\/li>\n\n\n\n<li><a href='?page_no=24937'>24937<\/a><\/li>\n\n\n\n<li><a href='?page_no=24938'>24938<\/a><\/li>\n\n\n\n<li class='active'><a>24939<\/a><\/li>\n\n\n\n<li><a href='?page_no=24940'>24940<\/a><\/li>\n\n\n\n<li><a href='?page_no=24941'>24941<\/a><\/li>\n\n\n\n<li><a>...<\/a><\/li>\n\n\n\n<li><a href='?page_no=51012'>51012<\/a><\/li>\n\n\n\n<li><a href='?page_no=51013'>51013<\/a><\/li>\n\n    \n\t\n\n<li >\n\t<a href='?page_no=24940'>Next<\/a>\n\t<\/li>\n\n\n    \n\n<li><a href='?page_no=51013'>Last &rsaquo;&rsaquo;<\/a><\/li>\n\n<\/ul>\n\n\n--><br \/>\n<\/body><\/p>\n","protected":false},"excerpt":{"rendered":"<p>Roma, 12 feb (PL) El papa Francisco defini\u00f3 hoy como objetivo final de la reforma para modificar las principales estructuras del Vaticano la absoluta transparencia y la eficacia en el trabajo. Para ello, el Sumo Pont\u00edfice inst\u00f3 a los cardenales encargados de asesorarle en los cambios de la Curia Romana, a trabajar con mayor eficiencia [&hellip;]<\/p>\n","protected":false},"author":3,"featured_media":0,"comment_status":"open","ping_status":"open","sticky":false,"template":"","format":"standard","meta":{"footnotes":""},"categories":[23],"tags":[],"class_list":["post-255294","post","type-post","status-publish","format-standard","hentry","category-internacional"],"_links":{"self":[{"href":"https:\/\/diariodominicano.com\/index.php?rest_route=\/wp\/v2\/posts\/255294","targetHints":{"allow":["GET"]}}],"collection":[{"href":"https:\/\/diariodominicano.com\/index.php?rest_route=\/wp\/v2\/posts"}],"about":[{"href":"https:\/\/diariodominicano.com\/index.php?rest_route=\/wp\/v2\/types\/post"}],"author":[{"embeddable":true,"href":"https:\/\/diariodominicano.com\/index.php?rest_route=\/wp\/v2\/users\/3"}],"replies":[{"embeddable":true,"href":"https:\/\/diariodominicano.com\/index.php?rest_route=%2Fwp%2Fv2%2Fcomments&post=255294"}],"version-history":[{"count":0,"href":"https:\/\/diariodominicano.com\/index.php?rest_route=\/wp\/v2\/posts\/255294\/revisions"}],"wp:attachment":[{"href":"https:\/\/diariodominicano.com\/index.php?rest_route=%2Fwp%2Fv2%2Fmedia&parent=255294"}],"wp:term":[{"taxonomy":"category","embeddable":true,"href":"https:\/\/diariodominicano.com\/index.php?rest_route=%2Fwp%2Fv2%2Fcategories&post=255294"},{"taxonomy":"post_tag","embeddable":true,"href":"https:\/\/diariodominicano.com\/index.php?rest_route=%2Fwp%2Fv2%2Ftags&post=255294"}],"curies":[{"name":"wp","href":"https:\/\/api.w.org\/{rel}","templated":true}]}}