{"id":255292,"date":"2015-02-12T14:12:04","date_gmt":"2015-02-12T14:12:04","guid":{"rendered":"http:\/\/diariodominicano.ddns.net\/?p=255292"},"modified":"2015-02-12T14:12:04","modified_gmt":"2015-02-12T14:12:04","slug":"victimas-colombianas-piden-acelerar-pesquisas-sobre-espionaje","status":"publish","type":"post","link":"https:\/\/diariodominicano.com\/?p=255292","title":{"rendered":"&#13;&#13;V\u00edctimas colombianas piden acelerar pesquisas sobre espionaje"},"content":{"rendered":"<p><body><\/p>\n<p><img decoding=\"async\" src=\"img3\/colombia-movice.jpg\" \/>  <\/p>\n<\/p>\n<p>Bogot\u00e1, 12 feb (PL) El Movimiento de V\u00edctimas de Cr\u00edmenes de Estado (Movice) exigi\u00f3 agilizar las investigaciones sobre el operativo de espionaje ejecutado por el antiguo Departamento Administrativo de Seguridad (DAS) contra activistas colombianos, periodistas y pol\u00edticos.<\/p>\n<\/p>\n<p>Mediante un comunicado la agrupaci\u00f3n demand\u00f3 que sean divulgados con prontitud los resultados de las pesquisas y adicionalmente pidi\u00f3 condenas ejemplarizantes para los responsables, inform\u00f3 hoy el peri\u00f3dico El Espectador.<\/p>\n<\/p>\n<p>Hacemos un llamado a las autoridades competentes a fin de impedir que personas relacionadas con ese caso huyan del pa\u00eds y para que las indagaciones se ampl\u00eden m\u00e1s all\u00e1 de los seguimientos ilegales hasta lograr el esclarecimiento de otros hechos como amenazas, torturas y homicidios, en los que presuntamente estuvo involucrada esta entidad, expres\u00f3 Movice.<\/p>\n<\/p>\n<p>El esc\u00e1ndalo de las \u00abchuzadas\u00bb o espionaje del DAS se reaviv\u00f3 en d\u00edas recientes tras el regreso a Bogot\u00e1 de la exdirectora de ese organismo de inteligencia Mar\u00eda del Pilar Hurtado, quien se entreg\u00f3 a la fiscal\u00eda colombiana luego de permanecer en Panam\u00e1 pr\u00f3fuga de la justicia.<\/p>\n<\/p>\n<p>Tales acciones enfiladas tambi\u00e9n contra magistrados, ocurrieron entre 2007 y 2008 durante el gobierno de \u00c1lvaro Uribe, seg\u00fan versiones ten\u00edan el visto bueno de la Casa de Nari\u00f1o.<\/p>\n<\/p>\n<p>Las v\u00edctimas de esa acci\u00f3n solicitaron a Hurtado que diga toda la verdad a fin de capturar a quienes aprobaron y dieron las \u00f3rdenes para instalar micr\u00f3fonos en las salas de sesiones de la Corte Suprema de Justicia, en lugares de trabajo de activistas y pol\u00edticos, as\u00ed como en otros recintos.<\/p>\n<\/p>\n<p>Se trata cientos de personas quienes fueron sometidas a una vigilancia ilegal, denunci\u00f3 el senador Iv\u00e1n Cepeda, blanco de esos episodios.<\/p>\n<\/p>\n<p>Movice, calific\u00f3 al DAS -cerrado en 2011- de aparato criminal del Estado para perseguir, hostigar y estigmatizar a defensores de derechos humanos y a los que ejercen su libre derecho a la protesta social y a la oposici\u00f3n pol\u00edtica.<\/p>\n<\/p>\n<p>Varios integrantes de ese movimiento resultaron perjudicados tambi\u00e9n por las maniobras desplegadas por el DAS.<\/p>\n<h6> 2015-02-12 14:12:04 <\/h6>\n<p><!--\n<link rel=\"stylesheet\" href=\"css\/bootstrap.min.css\">\n\n\n<ul class=\"pagination\">\n\t    \n\t\n\n<li >\n\t<a href='?page_no=24936'>Previous<\/a>\n\t<\/li>\n\n\n       \n    \n\n<li><a href='?page_no=1'>1<\/a><\/li>\n\n\n\n<li><a href='?page_no=2'>2<\/a><\/li>\n\n\n\n<li><a>...<\/a><\/li>\n\n\n\n<li><a href='?page_no=24935'>24935<\/a><\/li>\n\n\n\n<li><a href='?page_no=24936'>24936<\/a><\/li>\n\n\n\n<li class='active'><a>24937<\/a><\/li>\n\n\n\n<li><a href='?page_no=24938'>24938<\/a><\/li>\n\n\n\n<li><a href='?page_no=24939'>24939<\/a><\/li>\n\n\n\n<li><a>...<\/a><\/li>\n\n\n\n<li><a href='?page_no=51012'>51012<\/a><\/li>\n\n\n\n<li><a href='?page_no=51013'>51013<\/a><\/li>\n\n    \n\t\n\n<li >\n\t<a href='?page_no=24938'>Next<\/a>\n\t<\/li>\n\n\n    \n\n<li><a href='?page_no=51013'>Last &rsaquo;&rsaquo;<\/a><\/li>\n\n<\/ul>\n\n\n--><br \/>\n<\/body><\/p>\n","protected":false},"excerpt":{"rendered":"<p>Bogot\u00e1, 12 feb (PL) El Movimiento de V\u00edctimas de Cr\u00edmenes de Estado (Movice) exigi\u00f3 agilizar las investigaciones sobre el operativo de espionaje ejecutado por el antiguo Departamento Administrativo de Seguridad (DAS) contra activistas colombianos, periodistas y pol\u00edticos. Mediante un comunicado la agrupaci\u00f3n demand\u00f3 que sean divulgados con prontitud los resultados de las pesquisas y adicionalmente [&hellip;]<\/p>\n","protected":false},"author":3,"featured_media":0,"comment_status":"open","ping_status":"open","sticky":false,"template":"","format":"standard","meta":{"footnotes":""},"categories":[23],"tags":[],"class_list":["post-255292","post","type-post","status-publish","format-standard","hentry","category-internacional"],"_links":{"self":[{"href":"https:\/\/diariodominicano.com\/index.php?rest_route=\/wp\/v2\/posts\/255292","targetHints":{"allow":["GET"]}}],"collection":[{"href":"https:\/\/diariodominicano.com\/index.php?rest_route=\/wp\/v2\/posts"}],"about":[{"href":"https:\/\/diariodominicano.com\/index.php?rest_route=\/wp\/v2\/types\/post"}],"author":[{"embeddable":true,"href":"https:\/\/diariodominicano.com\/index.php?rest_route=\/wp\/v2\/users\/3"}],"replies":[{"embeddable":true,"href":"https:\/\/diariodominicano.com\/index.php?rest_route=%2Fwp%2Fv2%2Fcomments&post=255292"}],"version-history":[{"count":0,"href":"https:\/\/diariodominicano.com\/index.php?rest_route=\/wp\/v2\/posts\/255292\/revisions"}],"wp:attachment":[{"href":"https:\/\/diariodominicano.com\/index.php?rest_route=%2Fwp%2Fv2%2Fmedia&parent=255292"}],"wp:term":[{"taxonomy":"category","embeddable":true,"href":"https:\/\/diariodominicano.com\/index.php?rest_route=%2Fwp%2Fv2%2Fcategories&post=255292"},{"taxonomy":"post_tag","embeddable":true,"href":"https:\/\/diariodominicano.com\/index.php?rest_route=%2Fwp%2Fv2%2Ftags&post=255292"}],"curies":[{"name":"wp","href":"https:\/\/api.w.org\/{rel}","templated":true}]}}