{"id":255291,"date":"2015-02-12T14:16:37","date_gmt":"2015-02-12T14:16:37","guid":{"rendered":"http:\/\/diariodominicano.ddns.net\/?p=255291"},"modified":"2015-02-12T14:16:37","modified_gmt":"2015-02-12T14:16:37","slug":"onu-exige-poner-fin-al-reclutamiento-de-ninos-soldados","status":"publish","type":"post","link":"https:\/\/diariodominicano.com\/?p=255291","title":{"rendered":"&#13;&#13;ONU exige poner fin al reclutamiento de ni\u00f1os soldados"},"content":{"rendered":"<p><body><\/p>\n<p><img decoding=\"async\" src=\"img3\/ninos-soldados.jpg\" \/>  <\/p>\n<p><span class=\"text1noticias\">\t\t\t<\/span><\/p>\n<p><span class=\"text1noticias\">  <\/span><\/p>\n<\/p>\n<p><span class=\"text1noticias\">Naciones Unidas, 12 feb (PL) En el D\u00eda Internacional contra el Uso de Ni\u00f1os Soldados, Naciones Unidas llam\u00f3 hoy a ponerle fin a una pr\u00e1ctica que afecta a decenas de miles de menores en el planeta.<\/span><\/p>\n<\/p>\n<p><span class=\"text1noticias\">Los peque\u00f1os son cada vez m\u00e1s vulnerables al reclutamiento y la manipulaci\u00f3n por actores armados en zonas de conflicto, un fen\u00f3meno presente en al menos 20 pa\u00edses, advirti\u00f3 el Fondo de la ONU para la Infancia (Unicef).<\/span><\/p>\n<\/p>\n<p><span class=\"text1noticias\">Seg\u00fan esa agencia especializada, muchos ni\u00f1os han sido v\u00edctimas de la brutalidad extrema o han sido forzados a participar en actos de esa naturaleza.<\/span><\/p>\n<\/p>\n<p><span class=\"text1noticias\">Por su parte, la representante especial para los Ni\u00f1os y los Conflictos Armados, Leila Zerrougui, lament\u00f3 que cerca de 60 organizaciones utilicen a peque\u00f1os con fines b\u00e9licos.<\/span><\/p>\n<\/p>\n<p><span class=\"text1noticias\">Aunque los gobiernos reconocen que los menores de edad no deben formar parte de sus ej\u00e9rcitos, el problema contin\u00faa, porque grupos no estatales mantienen la repudiada pr\u00e1ctica, subray\u00f3 en una declaraci\u00f3n.<\/span><\/p>\n<\/p>\n<p><span class=\"text1noticias\">Afganist\u00e1n, Rep\u00fablica Centroafricana, Iraq, Siria, Sud\u00e1n del Sur y Rep\u00fablica Democr\u00e1tica del Congo representan algunos de los pa\u00edses afectados.<\/span><\/p>\n<\/p>\n<p><span class=\"text1noticias\">De acuerdo con Naciones Unidas, el auge de las crisis y del extremismo genera un entorno desfavorable para los ni\u00f1os, con el reclutamiento para combatir como una de sus consecuencias.<\/span><\/p>\n<\/p>\n<p><span class=\"text1noticias\">Algunos de ellos experimentan hechos de una brutalidad indescriptible, alert\u00f3 Unicef.<\/span><\/p>\n<p>v<\/p>\n<h6> 2015-02-12 14:16:37 <\/h6>\n<p><!--\n<link rel=\"stylesheet\" href=\"css\/bootstrap.min.css\">\n\n\n<ul class=\"pagination\">\n\t    \n\t\n\n<li >\n\t<a href='?page_no=24935'>Previous<\/a>\n\t<\/li>\n\n\n       \n    \n\n<li><a href='?page_no=1'>1<\/a><\/li>\n\n\n\n<li><a href='?page_no=2'>2<\/a><\/li>\n\n\n\n<li><a>...<\/a><\/li>\n\n\n\n<li><a href='?page_no=24934'>24934<\/a><\/li>\n\n\n\n<li><a href='?page_no=24935'>24935<\/a><\/li>\n\n\n\n<li class='active'><a>24936<\/a><\/li>\n\n\n\n<li><a href='?page_no=24937'>24937<\/a><\/li>\n\n\n\n<li><a href='?page_no=24938'>24938<\/a><\/li>\n\n\n\n<li><a>...<\/a><\/li>\n\n\n\n<li><a href='?page_no=51012'>51012<\/a><\/li>\n\n\n\n<li><a href='?page_no=51013'>51013<\/a><\/li>\n\n    \n\t\n\n<li >\n\t<a href='?page_no=24937'>Next<\/a>\n\t<\/li>\n\n\n    \n\n<li><a href='?page_no=51013'>Last &rsaquo;&rsaquo;<\/a><\/li>\n\n<\/ul>\n\n\n--><br \/>\n<\/body><\/p>\n","protected":false},"excerpt":{"rendered":"<p>Naciones Unidas, 12 feb (PL) En el D\u00eda Internacional contra el Uso de Ni\u00f1os Soldados, Naciones Unidas llam\u00f3 hoy a ponerle fin a una pr\u00e1ctica que afecta a decenas de miles de menores en el planeta. Los peque\u00f1os son cada vez m\u00e1s vulnerables al reclutamiento y la manipulaci\u00f3n por actores armados en zonas de conflicto, [&hellip;]<\/p>\n","protected":false},"author":3,"featured_media":0,"comment_status":"open","ping_status":"open","sticky":false,"template":"","format":"standard","meta":{"footnotes":""},"categories":[23],"tags":[],"class_list":["post-255291","post","type-post","status-publish","format-standard","hentry","category-internacional"],"_links":{"self":[{"href":"https:\/\/diariodominicano.com\/index.php?rest_route=\/wp\/v2\/posts\/255291","targetHints":{"allow":["GET"]}}],"collection":[{"href":"https:\/\/diariodominicano.com\/index.php?rest_route=\/wp\/v2\/posts"}],"about":[{"href":"https:\/\/diariodominicano.com\/index.php?rest_route=\/wp\/v2\/types\/post"}],"author":[{"embeddable":true,"href":"https:\/\/diariodominicano.com\/index.php?rest_route=\/wp\/v2\/users\/3"}],"replies":[{"embeddable":true,"href":"https:\/\/diariodominicano.com\/index.php?rest_route=%2Fwp%2Fv2%2Fcomments&post=255291"}],"version-history":[{"count":0,"href":"https:\/\/diariodominicano.com\/index.php?rest_route=\/wp\/v2\/posts\/255291\/revisions"}],"wp:attachment":[{"href":"https:\/\/diariodominicano.com\/index.php?rest_route=%2Fwp%2Fv2%2Fmedia&parent=255291"}],"wp:term":[{"taxonomy":"category","embeddable":true,"href":"https:\/\/diariodominicano.com\/index.php?rest_route=%2Fwp%2Fv2%2Fcategories&post=255291"},{"taxonomy":"post_tag","embeddable":true,"href":"https:\/\/diariodominicano.com\/index.php?rest_route=%2Fwp%2Fv2%2Ftags&post=255291"}],"curies":[{"name":"wp","href":"https:\/\/api.w.org\/{rel}","templated":true}]}}