{"id":255290,"date":"2015-02-12T14:23:34","date_gmt":"2015-02-12T14:23:34","guid":{"rendered":"http:\/\/diariodominicano.ddns.net\/?p=255290"},"modified":"2015-02-12T14:23:34","modified_gmt":"2015-02-12T14:23:34","slug":"inician-proceso-condor-por-desaparecidos-italianos-en-america-latina","status":"publish","type":"post","link":"https:\/\/diariodominicano.com\/?p=255290","title":{"rendered":"&#13;Inician proceso C\u00f3ndor por desaparecidos italianos en Am\u00e9rica Latina"},"content":{"rendered":"<p><body><\/p>\n<p><img decoding=\"async\" src=\"img3\/operacioncondor-italia.jpg\" \/>  <\/p>\n<p><span class=\"text1noticias\">\t\t<\/span><\/p>\n<p><span class=\"text1noticias\">  <\/span><\/p>\n<\/p>\n<p><span class=\"text1noticias\">Roma, 12 feb (PL) El proceso C\u00f3ndor sesiona a partir de hoy en esta capital para juzgar a 33 implicados en el asesinato o desaparici\u00f3n de 23 italianos durante las dictaduras latinoamericanas.<\/span><\/p>\n<\/p>\n<p><span class=\"text1noticias\">La vistas del proceso, con la asistencia del fiscal Giancarlo Capaldo, investigador del caso, son dirigidas por la jueza Evelina Culella en el aula b\u00fanker de la prisi\u00f3n romana de Rebibbia, aunque no se espera por el momento la asistencia de los acusados.<\/span><\/p>\n<\/p>\n<p><span class=\"text1noticias\">Entre los encartados est\u00e1n 11 antiguos miembros de la junta militar chilena, uno de Bolivia, cuatro de Per\u00fa y 16 uruguayos. De ellos, 12 est\u00e1n encarcelados por otros procesos seguidos en su respectivos pa\u00edses relacionados con la llamada Operaci\u00f3n Condor.<\/span><\/p>\n<\/p>\n<p><span class=\"text1noticias\">Unas 50 mil personas fueron asesinadas, 30 mil se cuentan como desaparecidas y 400 mil fueron encarceladas como parte de la citada operaci\u00f3n, coordinada entre las dictaduras de Chile, Argentina, Bolivia, Paraguay y Uruguay en las d\u00e9cadas de 1970 y 1980.<\/span><\/p>\n<\/p>\n<p><span class=\"text1noticias\">Las investigaciones sobre el asesinato o desaparici\u00f3n de 23 italianos en la referida \u00e9poca se iniciaron en 1999 con la presentaci\u00f3n de acusaciones por parte de los familiares de las v\u00edctimas a un tribunal italiano.<\/span><\/p>\n<\/p>\n<p><span class=\"text1noticias\">Entre los acusados destacan el exministro boliviano del Interior Luis G\u00f3mez Arce, el exjefe de la DINA (inteligencia chilena) Guillermo Sep\u00falveda Contreras y el expresidente peruano Francisco Morales Berm\u00fadez, entre otros.<\/span><\/p>\n<\/p>\n<p><span class=\"text1noticias\">A los implicados encarcelados, en su mayor\u00eda de avanzada edad, se les dio la posibilidad de participar en el juicio mediante v\u00eddeoconferencias, pero todos rechazaron hacerlo, destaca la prensa capitalina.<\/span><\/p>\n<\/p>\n<p><span class=\"text1noticias\">El \u00fanico acusado residente en este pa\u00eds es el exmilitar uruguayo de 67 a\u00f1os Jorge N\u00e9stor Troccolli, quien entr\u00f3 a la sala del juicio, acompa\u00f1ado de sus abogados Severio Gruzzo y Anna Scifoni.<\/span><\/p>\n<\/p>\n<p><span class=\"text1noticias\">Troccolli ya hab\u00eda sido detenido en 2007 y liberado despu\u00e9s de cuatro meses de prisi\u00f3n, cuando Italia se neg\u00f3 a acceder a un pedido de extradici\u00f3n de Uruguay para juzgarlo en ese pa\u00eds suramericano.<\/span><\/p>\n<h6> 2015-02-12 14:23:34 <\/h6>\n<p><!--\n<link rel=\"stylesheet\" href=\"css\/bootstrap.min.css\">\n\n\n<ul class=\"pagination\">\n\t    \n\t\n\n<li >\n\t<a href='?page_no=24934'>Previous<\/a>\n\t<\/li>\n\n\n       \n    \n\n<li><a href='?page_no=1'>1<\/a><\/li>\n\n\n\n<li><a href='?page_no=2'>2<\/a><\/li>\n\n\n\n<li><a>...<\/a><\/li>\n\n\n\n<li><a href='?page_no=24933'>24933<\/a><\/li>\n\n\n\n<li><a href='?page_no=24934'>24934<\/a><\/li>\n\n\n\n<li class='active'><a>24935<\/a><\/li>\n\n\n\n<li><a href='?page_no=24936'>24936<\/a><\/li>\n\n\n\n<li><a href='?page_no=24937'>24937<\/a><\/li>\n\n\n\n<li><a>...<\/a><\/li>\n\n\n\n<li><a href='?page_no=51012'>51012<\/a><\/li>\n\n\n\n<li><a href='?page_no=51013'>51013<\/a><\/li>\n\n    \n\t\n\n<li >\n\t<a href='?page_no=24936'>Next<\/a>\n\t<\/li>\n\n\n    \n\n<li><a href='?page_no=51013'>Last &rsaquo;&rsaquo;<\/a><\/li>\n\n<\/ul>\n\n\n--><br \/>\n<\/body><\/p>\n","protected":false},"excerpt":{"rendered":"<p>Roma, 12 feb (PL) El proceso C\u00f3ndor sesiona a partir de hoy en esta capital para juzgar a 33 implicados en el asesinato o desaparici\u00f3n de 23 italianos durante las dictaduras latinoamericanas. La vistas del proceso, con la asistencia del fiscal Giancarlo Capaldo, investigador del caso, son dirigidas por la jueza Evelina Culella en el [&hellip;]<\/p>\n","protected":false},"author":3,"featured_media":0,"comment_status":"open","ping_status":"open","sticky":false,"template":"","format":"standard","meta":{"footnotes":""},"categories":[23],"tags":[],"class_list":["post-255290","post","type-post","status-publish","format-standard","hentry","category-internacional"],"_links":{"self":[{"href":"https:\/\/diariodominicano.com\/index.php?rest_route=\/wp\/v2\/posts\/255290","targetHints":{"allow":["GET"]}}],"collection":[{"href":"https:\/\/diariodominicano.com\/index.php?rest_route=\/wp\/v2\/posts"}],"about":[{"href":"https:\/\/diariodominicano.com\/index.php?rest_route=\/wp\/v2\/types\/post"}],"author":[{"embeddable":true,"href":"https:\/\/diariodominicano.com\/index.php?rest_route=\/wp\/v2\/users\/3"}],"replies":[{"embeddable":true,"href":"https:\/\/diariodominicano.com\/index.php?rest_route=%2Fwp%2Fv2%2Fcomments&post=255290"}],"version-history":[{"count":0,"href":"https:\/\/diariodominicano.com\/index.php?rest_route=\/wp\/v2\/posts\/255290\/revisions"}],"wp:attachment":[{"href":"https:\/\/diariodominicano.com\/index.php?rest_route=%2Fwp%2Fv2%2Fmedia&parent=255290"}],"wp:term":[{"taxonomy":"category","embeddable":true,"href":"https:\/\/diariodominicano.com\/index.php?rest_route=%2Fwp%2Fv2%2Fcategories&post=255290"},{"taxonomy":"post_tag","embeddable":true,"href":"https:\/\/diariodominicano.com\/index.php?rest_route=%2Fwp%2Fv2%2Ftags&post=255290"}],"curies":[{"name":"wp","href":"https:\/\/api.w.org\/{rel}","templated":true}]}}