{"id":255289,"date":"2015-02-12T14:29:39","date_gmt":"2015-02-12T14:29:39","guid":{"rendered":"http:\/\/diariodominicano.ddns.net\/?p=255289"},"modified":"2015-02-12T14:29:39","modified_gmt":"2015-02-12T14:29:39","slug":"camara-baja-de-ee-uu-analizara-plan-de-obama-para-combatir-al-ei","status":"publish","type":"post","link":"https:\/\/diariodominicano.com\/?p=255289","title":{"rendered":"&#13;&#13;C\u00e1mara baja de EE.UU. analizar\u00e1 plan de Obama para combatir al EI"},"content":{"rendered":"<p><body><\/p>\n<p><img decoding=\"async\" src=\"img3\/obama1 (1).jpg\" \/>  <\/p>\n<p><span class=\"text1noticias\">\t\t<\/span><\/p>\n<p><span class=\"text1noticias\">  <\/span><\/p>\n<\/p>\n<p><span class=\"text1noticias\">Washington, 12 feb (PL) El Comit\u00e9 de Asuntos Exteriores de la C\u00e1mara de Representantes estadounidense tiene programada hoy una audiencia sobre la propuesta del presidente Barack Obama para el uso de fuerza militar contra el Estado Isl\u00e1mico (EI) en Medio Oriente.<\/span><\/p>\n<\/p>\n<p><span class=\"text1noticias\">De acuerdo con el borrador enviado la v\u00edspera al Capitolio, la administraci\u00f3n norteamericana -que lidera desde hace meses los bombardeos de la coalici\u00f3n internacional contra el EI- no estar\u00eda interesada en el despliegue de fuerzas terrestres a largo plazo y a gran escala, pero sin descartar incursiones de ese tipo.<\/span><\/p>\n<\/p>\n<p><span class=\"text1noticias\">El objetivo ser\u00eda disponer de flexibilidad para la conducci\u00f3n de operativos sobre el terreno en circunstancias limitadas; es decir, en caso de rescates, en acciones de fuerzas especiales contra el liderazgo extremista o cuando se emplee personal de la coalici\u00f3n.<\/span><\/p>\n<\/p>\n<p><span class=\"text1noticias\">La legislaci\u00f3n propuesta por la Casa Blanca -v\u00e1lida por un plazo de tres a\u00f1os- tambi\u00e9n autorizar\u00eda el uso de fuerzas estadounidenses para operaciones de inteligencia, misiones para permitir ataques a\u00e9reos y labores de asesor\u00eda, lo que servir\u00eda de base legal a los actuales ataques en Siria e Iraq.<\/span><\/p>\n<\/p>\n<p><span class=\"text1noticias\">Sin embargo, el pedido del Ejecutivo encuentra resistencia dentro del bando de los dem\u00f3cratas, preocupados por el tono vago de la resoluci\u00f3n y la posibilidad de que Washington se vuelva a empantanar en otra contienda b\u00e9lica, cuando sigue sin resolver los problemas de la presencia de tropas en Afganist\u00e1n e Iraq.<\/span><\/p>\n<\/p>\n<p><span class=\"text1noticias\">El legislador por California, Adam Schiff, el dem\u00f3crata de mayor rango en el Comit\u00e9 de Inteligencia de la C\u00e1mara baja, se\u00f1al\u00f3 el mi\u00e9rcoles que la nueva propuesta de Obama \u00abdebe reducirse a\u00fan m\u00e1s\u00bb y ser m\u00e1s precisa, de acuerdo con el reporte del diario The Hill.<\/span><\/p>\n<\/p>\n<p><span class=\"text1noticias\">Otros correligionarios se muestran cautelosos de que la ventana de tres a\u00f1os propuesta por el mandatario significa la posibilidad de otorgar poderes de guerra que se extender\u00edan hasta la pr\u00f3xima administraci\u00f3n, una vez que expire el mandato de Obama en enero de 2017.<\/span><\/p>\n<\/p>\n<p><span class=\"text1noticias\">Por su parte, la Uni\u00f3n Estadounidense de Libertades Civiles (ACLU), cuestion\u00f3 que la iniciativa carece tanto de limitaciones geogr\u00e1ficas como de objetivos claros.<\/span><\/p>\n<\/p>\n<h6> 2015-02-12 14:29:39 <\/h6>\n<p><!--\n<link rel=\"stylesheet\" href=\"css\/bootstrap.min.css\">\n\n\n<ul class=\"pagination\">\n\t    \n\t\n\n<li >\n\t<a href='?page_no=24933'>Previous<\/a>\n\t<\/li>\n\n\n       \n    \n\n<li><a href='?page_no=1'>1<\/a><\/li>\n\n\n\n<li><a href='?page_no=2'>2<\/a><\/li>\n\n\n\n<li><a>...<\/a><\/li>\n\n\n\n<li><a href='?page_no=24932'>24932<\/a><\/li>\n\n\n\n<li><a href='?page_no=24933'>24933<\/a><\/li>\n\n\n\n<li class='active'><a>24934<\/a><\/li>\n\n\n\n<li><a href='?page_no=24935'>24935<\/a><\/li>\n\n\n\n<li><a href='?page_no=24936'>24936<\/a><\/li>\n\n\n\n<li><a>...<\/a><\/li>\n\n\n\n<li><a href='?page_no=51012'>51012<\/a><\/li>\n\n\n\n<li><a href='?page_no=51013'>51013<\/a><\/li>\n\n    \n\t\n\n<li >\n\t<a href='?page_no=24935'>Next<\/a>\n\t<\/li>\n\n\n    \n\n<li><a href='?page_no=51013'>Last &rsaquo;&rsaquo;<\/a><\/li>\n\n<\/ul>\n\n\n--><br \/>\n<\/body><\/p>\n","protected":false},"excerpt":{"rendered":"<p>Washington, 12 feb (PL) El Comit\u00e9 de Asuntos Exteriores de la C\u00e1mara de Representantes estadounidense tiene programada hoy una audiencia sobre la propuesta del presidente Barack Obama para el uso de fuerza militar contra el Estado Isl\u00e1mico (EI) en Medio Oriente. De acuerdo con el borrador enviado la v\u00edspera al Capitolio, la administraci\u00f3n norteamericana -que [&hellip;]<\/p>\n","protected":false},"author":3,"featured_media":0,"comment_status":"open","ping_status":"open","sticky":false,"template":"","format":"standard","meta":{"footnotes":""},"categories":[23],"tags":[],"class_list":["post-255289","post","type-post","status-publish","format-standard","hentry","category-internacional"],"_links":{"self":[{"href":"https:\/\/diariodominicano.com\/index.php?rest_route=\/wp\/v2\/posts\/255289","targetHints":{"allow":["GET"]}}],"collection":[{"href":"https:\/\/diariodominicano.com\/index.php?rest_route=\/wp\/v2\/posts"}],"about":[{"href":"https:\/\/diariodominicano.com\/index.php?rest_route=\/wp\/v2\/types\/post"}],"author":[{"embeddable":true,"href":"https:\/\/diariodominicano.com\/index.php?rest_route=\/wp\/v2\/users\/3"}],"replies":[{"embeddable":true,"href":"https:\/\/diariodominicano.com\/index.php?rest_route=%2Fwp%2Fv2%2Fcomments&post=255289"}],"version-history":[{"count":0,"href":"https:\/\/diariodominicano.com\/index.php?rest_route=\/wp\/v2\/posts\/255289\/revisions"}],"wp:attachment":[{"href":"https:\/\/diariodominicano.com\/index.php?rest_route=%2Fwp%2Fv2%2Fmedia&parent=255289"}],"wp:term":[{"taxonomy":"category","embeddable":true,"href":"https:\/\/diariodominicano.com\/index.php?rest_route=%2Fwp%2Fv2%2Fcategories&post=255289"},{"taxonomy":"post_tag","embeddable":true,"href":"https:\/\/diariodominicano.com\/index.php?rest_route=%2Fwp%2Fv2%2Ftags&post=255289"}],"curies":[{"name":"wp","href":"https:\/\/api.w.org\/{rel}","templated":true}]}}