{"id":255288,"date":"2015-02-12T14:34:19","date_gmt":"2015-02-12T14:34:19","guid":{"rendered":"http:\/\/diariodominicano.ddns.net\/?p=255288"},"modified":"2015-02-12T14:34:19","modified_gmt":"2015-02-12T14:34:19","slug":"victimas-de-agresiones-en-venezuela-rechazan-hechos-violentos","status":"publish","type":"post","link":"https:\/\/diariodominicano.com\/?p=255288","title":{"rendered":"&#13;V\u00edctimas de agresiones en Venezuela rechazan hechos violentos\t\t\t&#13;"},"content":{"rendered":"<p><body><\/p>\n<p><img decoding=\"async\" src=\"img3\/venezuela-victimasguarim.jpg\" \/>  <\/p>\n<\/p>\n<p><span class=\"text1noticias\">Caracas, 12 feb (PL) El Comit\u00e9 de V\u00edctimas de las Guarimbas y el Golpe Continuado en Venezuela rechaz\u00f3 hoy los intentos de reeditar agresiones violentas en el pa\u00eds, a un a\u00f1o de los disturbios promovidos por grupos extremistas de la derecha.<\/span><\/p>\n<\/p>\n<p><span class=\"text1noticias\">La fiscal general, Luisa Ortega D\u00edaz, tambi\u00e9n rememor\u00f3 las manifestaciones violentas que se iniciaron con un ataque a la sede principal del Ministerio P\u00fablico el 12 de febrero de 2014: \u00abquer\u00edan quemar el edificio y hab\u00eda 800 personas dentro, trabajadores e incluso sus hijos que no ten\u00edan clase\u00bb.<\/span><\/p>\n<\/p>\n<p><span class=\"text1noticias\">El fin de esas agresiones era desestabilizar las instituciones del Estado y atentar contra el presidente Nicol\u00e1s Maduro, dijo la magistrada.<\/span><\/p>\n<\/p>\n<p><span class=\"text1noticias\">A pesar de las muertes y el dolor ocasionado, todav\u00eda hay algunos sectores opositores no quieren la paz e intentan mostrar al Gobierno como el causante de la violencia, alert\u00f3.<\/span><\/p>\n<\/p>\n<p><span class=\"text1noticias\">Pretenden hacer ver a los familiares de los 43 fallecidos y los 878 lesionados como responsables de esos hechos lamentables y no al verdadero grupo promotor de la violencia, denunci\u00f3 Ortega.<\/span><\/p>\n<\/p>\n<p><span class=\"text1noticias\">La fiscal asegur\u00f3 que se har\u00e1 justicia y continuar\u00e1n a fondo las investigaciones al respeto para sancionar a los autores materiales e intelectuales.<\/span><\/p>\n<\/p>\n<p><span class=\"text1noticias\">No es solo responsable quien accion\u00f3 un arma, quien coloc\u00f3 barricadas para provocar choques y arm\u00f3 trampas para decapitar a motorizados, es tambi\u00e9n responsable quien incit\u00f3 a la violencia, quien llam\u00f3 a desconocer al Estado y el ordenamiento jur\u00eddico, expres\u00f3 Ortega.<\/span><\/p>\n<\/p>\n<p><span class=\"text1noticias\">El Comit\u00e9 realiz\u00f3 un encuentro ecum\u00e9nico en la Plaza Parque Carabobo, en Caracas, mientras j\u00f3venes caraque\u00f1os realizan ese jueves una marcha por la paz y la justicia.<\/span><\/p>\n<\/p>\n<p><span class=\"text1noticias\">Seg\u00fan el presidente de la Asamblea Nacional, Diosdado Cabello, este a\u00f1o pretenden reeditar los disturbios iniciados precisamente en esta fecha de 2014.<\/span><\/p>\n<\/p>\n<p><span class=\"text1noticias\">Los opositores Mar\u00eda Corina Machado y Antonio Ledezma convocaron a una movilizaci\u00f3n en la plaza Las Tres Gracias de Caracas, con la intenci\u00f3n de buscar un enfrentamiento con los cuerpos de seguridad, denunci\u00f3.<\/span><\/p>\n<\/p>\n<p><span class=\"text1noticias\">El denominado Plan La Salida dej\u00f3 43 personas asesinadas, 33 de las cuales eran civiles y 10 funcionarios de cuerpos policiales y de la Fuerza Armada Nacional Bolivariana.<\/span><\/p>\n<\/p>\n<p><span class=\"text1noticias\">Adem\u00e1s, resultaron lesionadas 878 personas (600 civiles y 278 efectivos). Mientras los da\u00f1os materiales y econ\u00f3micos a la naci\u00f3n se calculan en 10 mil millones de d\u00f3lares, de acuerdo a cifras oficiales.<\/span><\/p>\n<h6> 2015-02-12 14:34:19 <\/h6>\n<p><!--\n<link rel=\"stylesheet\" href=\"css\/bootstrap.min.css\">\n\n\n<ul class=\"pagination\">\n\t    \n\t\n\n<li >\n\t<a href='?page_no=24932'>Previous<\/a>\n\t<\/li>\n\n\n       \n    \n\n<li><a href='?page_no=1'>1<\/a><\/li>\n\n\n\n<li><a href='?page_no=2'>2<\/a><\/li>\n\n\n\n<li><a>...<\/a><\/li>\n\n\n\n<li><a href='?page_no=24931'>24931<\/a><\/li>\n\n\n\n<li><a href='?page_no=24932'>24932<\/a><\/li>\n\n\n\n<li class='active'><a>24933<\/a><\/li>\n\n\n\n<li><a href='?page_no=24934'>24934<\/a><\/li>\n\n\n\n<li><a href='?page_no=24935'>24935<\/a><\/li>\n\n\n\n<li><a>...<\/a><\/li>\n\n\n\n<li><a href='?page_no=51012'>51012<\/a><\/li>\n\n\n\n<li><a href='?page_no=51013'>51013<\/a><\/li>\n\n    \n\t\n\n<li >\n\t<a href='?page_no=24934'>Next<\/a>\n\t<\/li>\n\n\n    \n\n<li><a href='?page_no=51013'>Last &rsaquo;&rsaquo;<\/a><\/li>\n\n<\/ul>\n\n\n--><br \/>\n<\/body><\/p>\n","protected":false},"excerpt":{"rendered":"<p>Caracas, 12 feb (PL) El Comit\u00e9 de V\u00edctimas de las Guarimbas y el Golpe Continuado en Venezuela rechaz\u00f3 hoy los intentos de reeditar agresiones violentas en el pa\u00eds, a un a\u00f1o de los disturbios promovidos por grupos extremistas de la derecha. La fiscal general, Luisa Ortega D\u00edaz, tambi\u00e9n rememor\u00f3 las manifestaciones violentas que se iniciaron [&hellip;]<\/p>\n","protected":false},"author":3,"featured_media":0,"comment_status":"open","ping_status":"open","sticky":false,"template":"","format":"standard","meta":{"footnotes":""},"categories":[23],"tags":[],"class_list":["post-255288","post","type-post","status-publish","format-standard","hentry","category-internacional"],"_links":{"self":[{"href":"https:\/\/diariodominicano.com\/index.php?rest_route=\/wp\/v2\/posts\/255288","targetHints":{"allow":["GET"]}}],"collection":[{"href":"https:\/\/diariodominicano.com\/index.php?rest_route=\/wp\/v2\/posts"}],"about":[{"href":"https:\/\/diariodominicano.com\/index.php?rest_route=\/wp\/v2\/types\/post"}],"author":[{"embeddable":true,"href":"https:\/\/diariodominicano.com\/index.php?rest_route=\/wp\/v2\/users\/3"}],"replies":[{"embeddable":true,"href":"https:\/\/diariodominicano.com\/index.php?rest_route=%2Fwp%2Fv2%2Fcomments&post=255288"}],"version-history":[{"count":0,"href":"https:\/\/diariodominicano.com\/index.php?rest_route=\/wp\/v2\/posts\/255288\/revisions"}],"wp:attachment":[{"href":"https:\/\/diariodominicano.com\/index.php?rest_route=%2Fwp%2Fv2%2Fmedia&parent=255288"}],"wp:term":[{"taxonomy":"category","embeddable":true,"href":"https:\/\/diariodominicano.com\/index.php?rest_route=%2Fwp%2Fv2%2Fcategories&post=255288"},{"taxonomy":"post_tag","embeddable":true,"href":"https:\/\/diariodominicano.com\/index.php?rest_route=%2Fwp%2Fv2%2Ftags&post=255288"}],"curies":[{"name":"wp","href":"https:\/\/api.w.org\/{rel}","templated":true}]}}