{"id":255287,"date":"2015-02-12T14:41:53","date_gmt":"2015-02-12T14:41:53","guid":{"rendered":"http:\/\/diariodominicano.ddns.net\/?p=255287"},"modified":"2015-02-12T14:41:53","modified_gmt":"2015-02-12T14:41:53","slug":"presidente-ruso-viajara-a-japon-para-continuar-negociaciones","status":"publish","type":"post","link":"https:\/\/diariodominicano.com\/?p=255287","title":{"rendered":"&#13;Presidente ruso viajar\u00e1 a Jap\u00f3n para continuar negociaciones"},"content":{"rendered":"<p><body><\/p>\n<\/p>\n<p>Tokio, 12 feb (PL) El primer ministro japon\u00e9s, Shinzo Abe, inform\u00f3 que recibir\u00e1 al presidente ruso, Vladimir Putin, para negociar sobre las disputas territoriales entre los dos pa\u00edses.<\/p>\n<\/p>\n<p>\u00abHemos sostenido 10 reuniones y al tomarlas como base, esperamos continuar en el camino de la paz, as\u00ed como en el de la cooperaci\u00f3n en diversas \u00e1reas de inter\u00e9s mutuo\u00bb, a\u00f1adi\u00f3 el jefe de Gobierno.<\/p>\n<\/p>\n<p>Jap\u00f3n y Rusia mantienen una disputa por las Islas Kuriles, una l\u00ednea intermitente de cayos e islotes que comunica el norte del pa\u00eds del Sol Naciente con la pen\u00ednsula rusa de Kamchatka.<\/p>\n<\/p>\n<p>Desde el siglo XIX, el imperio de los Rom\u00e1nov y el decadente Shogunato Tokugawa combatieron por las islas.<\/p>\n<\/p>\n<p>En 1855, por el Tratado de Shimoda, Mosc\u00fa alcanz\u00f3 la soberan\u00eda sobre la mayor parte del archipi\u00e9lago, pero en el Tratado de San Petersburgo, de 1875, Jap\u00f3n recobr\u00f3 el control.<\/p>\n<\/p>\n<p>A cambio la corona moscovita obtuvo los derechos sobre todo la isla de Sajal\u00edn, otra causa de discordia entre las dos naciones.<\/p>\n<\/p>\n<p>Tokio recobr\u00f3 la mitad sur de Sajal\u00edn durante la guerra ruso-japonesa de 1904 a 1905, pero los enfrentamientos continuaron hasta la Segunda Guerra Mundial. Al t\u00e9rmino de esta \u00faltima, la Uni\u00f3n Sovi\u00e9tica volvi\u00f3 a ocupar el archipi\u00e9lago de Kuriles y la isla de Sajal\u00edn.<\/p>\n<\/p>\n<p>El Tratado de San Francisco (8 de septiembre de 1951) oficializ\u00f3 la rendici\u00f3n de Jap\u00f3n ante los Aliados y la soberan\u00eda de la URSS sobre las islas.<\/p>\n<\/p>\n<p>Jap\u00f3n no reconoce la soberan\u00eda rusa sobre Kuriles, pero considera que la parte norte de Sajal\u00edn s\u00ed pertenece a Mosc\u00fa.<\/p>\n<\/p>\n<p>A mediados de la d\u00e9cada de 1990 Tokio propuso a Rusia la compra de Sajal\u00edn.<\/p>\n<h6> 2015-02-12 14:41:53 <\/h6>\n<p><!--\n<link rel=\"stylesheet\" href=\"css\/bootstrap.min.css\">\n\n\n<ul class=\"pagination\">\n\t    \n\t\n\n<li >\n\t<a href='?page_no=24931'>Previous<\/a>\n\t<\/li>\n\n\n       \n    \n\n<li><a href='?page_no=1'>1<\/a><\/li>\n\n\n\n<li><a href='?page_no=2'>2<\/a><\/li>\n\n\n\n<li><a>...<\/a><\/li>\n\n\n\n<li><a href='?page_no=24930'>24930<\/a><\/li>\n\n\n\n<li><a href='?page_no=24931'>24931<\/a><\/li>\n\n\n\n<li class='active'><a>24932<\/a><\/li>\n\n\n\n<li><a href='?page_no=24933'>24933<\/a><\/li>\n\n\n\n<li><a href='?page_no=24934'>24934<\/a><\/li>\n\n\n\n<li><a>...<\/a><\/li>\n\n\n\n<li><a href='?page_no=51012'>51012<\/a><\/li>\n\n\n\n<li><a href='?page_no=51013'>51013<\/a><\/li>\n\n    \n\t\n\n<li >\n\t<a href='?page_no=24933'>Next<\/a>\n\t<\/li>\n\n\n    \n\n<li><a href='?page_no=51013'>Last &rsaquo;&rsaquo;<\/a><\/li>\n\n<\/ul>\n\n\n--><br \/>\n<\/body><\/p>\n","protected":false},"excerpt":{"rendered":"<p>Tokio, 12 feb (PL) El primer ministro japon\u00e9s, Shinzo Abe, inform\u00f3 que recibir\u00e1 al presidente ruso, Vladimir Putin, para negociar sobre las disputas territoriales entre los dos pa\u00edses. \u00abHemos sostenido 10 reuniones y al tomarlas como base, esperamos continuar en el camino de la paz, as\u00ed como en el de la cooperaci\u00f3n en diversas \u00e1reas [&hellip;]<\/p>\n","protected":false},"author":3,"featured_media":0,"comment_status":"open","ping_status":"open","sticky":false,"template":"","format":"standard","meta":{"footnotes":""},"categories":[23],"tags":[],"class_list":["post-255287","post","type-post","status-publish","format-standard","hentry","category-internacional"],"_links":{"self":[{"href":"https:\/\/diariodominicano.com\/index.php?rest_route=\/wp\/v2\/posts\/255287","targetHints":{"allow":["GET"]}}],"collection":[{"href":"https:\/\/diariodominicano.com\/index.php?rest_route=\/wp\/v2\/posts"}],"about":[{"href":"https:\/\/diariodominicano.com\/index.php?rest_route=\/wp\/v2\/types\/post"}],"author":[{"embeddable":true,"href":"https:\/\/diariodominicano.com\/index.php?rest_route=\/wp\/v2\/users\/3"}],"replies":[{"embeddable":true,"href":"https:\/\/diariodominicano.com\/index.php?rest_route=%2Fwp%2Fv2%2Fcomments&post=255287"}],"version-history":[{"count":0,"href":"https:\/\/diariodominicano.com\/index.php?rest_route=\/wp\/v2\/posts\/255287\/revisions"}],"wp:attachment":[{"href":"https:\/\/diariodominicano.com\/index.php?rest_route=%2Fwp%2Fv2%2Fmedia&parent=255287"}],"wp:term":[{"taxonomy":"category","embeddable":true,"href":"https:\/\/diariodominicano.com\/index.php?rest_route=%2Fwp%2Fv2%2Fcategories&post=255287"},{"taxonomy":"post_tag","embeddable":true,"href":"https:\/\/diariodominicano.com\/index.php?rest_route=%2Fwp%2Fv2%2Ftags&post=255287"}],"curies":[{"name":"wp","href":"https:\/\/api.w.org\/{rel}","templated":true}]}}