{"id":255283,"date":"2015-02-13T09:55:02","date_gmt":"2015-02-13T09:55:02","guid":{"rendered":"http:\/\/diariodominicano.ddns.net\/?p=255283"},"modified":"2015-02-13T09:55:02","modified_gmt":"2015-02-13T09:55:02","slug":"cientos-de-opositores-marchan-en-venezuela-en-recuerdo-a-los-fallecidos-hace-un-ano","status":"publish","type":"post","link":"https:\/\/diariodominicano.com\/?p=255283","title":{"rendered":"Cientos de opositores marchan en Venezuela en recuerdo a los fallecidos hace un a\u00f1o"},"content":{"rendered":"<p><body><\/p>\n<p><img decoding=\"async\" src=\"img3\/otra 1.jpg\" \/><br \/><img decoding=\"async\" src=\"img3\/otra 2.jpg\" \/>  <\/p>\n<p>Caracas, Venezuela 13 febrero.-  Cientos de simpatizantes opositores marcharon hoy en Caracas en recuerdo de los fallecidos hace un a\u00f1o al t\u00e9rmino de una manifestaci\u00f3n de la oposici\u00f3n, lo que dio inicio a un ola de protestas antigubernamentales, algunas violentas, que dejaron un saldo oficial de 43 muertos.<\/p>\n<\/p>\n<p>Tras concentrarse en la conocida plaza de las Tres Gracias, en el suroeste capitalino, la manifestaci\u00f3n se moviliz\u00f3 en direcci\u00f3n a la cercana iglesia de San Pedro, templo al que no pudieron llegar debido a un cord\u00f3n de seguridad formado por la Guardia y Polic\u00eda Nacional Bolivariana que custodiaba el lugar.<\/p>\n<\/p>\n<p>El alcalde de Libertador -municipio caraque\u00f1o por el que discurri\u00f3 la manifestaci\u00f3n-, el oficialista Jorge Rodr\u00edguez, inform\u00f3 hace unos d\u00edas que esta marcha no estaba autorizada por su despacho al incumplir con los tiempos de solicitud estipulados.<\/p>\n<\/p>\n<p>Ante la imposibilidad de acceder a la iglesia, los participantes celebraron una misa en la calle, frente al cord\u00f3n de seguridad.<\/p>\n<\/p>\n<p>En la movilizaci\u00f3n estuvieron presentes, entre otras, la exdiputada opositora Mar\u00eda Corina Machado y la representante de las juventudes del partido Voluntad Popular (VP), Gaby Arellano.<\/p>\n<\/p>\n<p>Con anterioridad, Machado llam\u00f3 a los simpatizantes a trav\u00e9s de su cuenta de Twitter a salir a ejercer su \u00abderecho a manifestar en paz en la calle\u00bb y en recuerdo de los tres fallecidos hace hoy un a\u00f1o.<\/p>\n<\/p>\n<p>\u00abHoy se cumple 1 a\u00f1o de un d\u00eda q la historia reconocer\u00e1 con admiraci\u00f3n y respeto al pueblo y repudio a la dictadura #YoSalgoPor ntros h\u00e9roes\u00bb, a\u00f1adi\u00f3 poco despu\u00e9s.<\/p>\n<\/p>\n<p>La jornada de hace un a\u00f1o, enmarcada en la celebraci\u00f3n del D\u00eda de la Juventud, supuso el comienzo de una ola de protestas en el pa\u00eds que se extendieron por alrededor de cuatro meses y que dejaron un saldo oficial de 43 muertos entre fuerzas de seguridad, simpatizantes del Gobierno, opositores y personas sin adscripci\u00f3n pol\u00edtica.<\/p>\n<\/p>\n<p>El l\u00edder del partido Voluntad Popular, Leopoldo L\u00f3pez -acusado por los delitos de instigaci\u00f3n p\u00fablica, agavillamiento (asociaci\u00f3n para delinquir), da\u00f1os a la propiedad e incendio por los hechos violentos ocurridos el 12 de febrero de 2014-, us\u00f3 tambi\u00e9n esta plataforma para hacer llegar su mensaje de apoyo a los j\u00f3venes.<\/p>\n<\/p>\n<p>\u00abEstoy convencido de que el 2014; con uds, j\u00f3venes venezolanos en la vanguardia; marc\u00f3 el inicio del cambio en Venezuela\u00bb, public\u00f3 el pol\u00edtico en su cuenta de Twitter.<\/p>\n<\/p>\n<p>\u00abLa dictadura nunca podr\u00e1 torcer la historia con sus mentiras. Hace 1a\u00f1o cientos d miles d vzlanos salieron a la calle a manifestarse en paz\u00bb, a\u00f1adi\u00f3 poco despu\u00e9s L\u00f3pez, que se encuentra preso desde el pasado 18 de febrero del a\u00f1o pasado en la c\u00e1rcel militar de Ramo Verde a las afueras de Caracas.<\/p>\n<\/p>\n<p>Hace un a\u00f1o, al finalizar una marcha antigubernamental convocada por estudiantes y a la que se sumaron figuras de la oposici\u00f3n como Machado y L\u00f3pez, se registraron una serie de incidentes violentos, principalmente ante la sede de la Fiscal\u00eda venezolana, que acabaron con la muerte de tres personas y m\u00faltiples da\u00f1os en el edificio que alberga al Ministerio P\u00fablico.<\/p>\n<\/p>\n<p>Los acontecimientos de aquel d\u00eda marcaron el comienzo de una serie de protestas y levantamiento de barricadas en las calles en contra del Ejecutivo encabezado por el presidente Nicol\u00e1s Maduro, que se extendieron por cerca de cuatro meses y que dejaron 43 muertos y cientos de heridos y detenidos.<\/p>\n<\/p>\n<p>El Gobierno y la oposici\u00f3n se acusan mutuamente de la responsabilidad por las v\u00edctimas causadas esos meses.<\/p>\n<h6> 2015-02-13 09:55:02 <\/h6>\n<p><!--\n<link rel=\"stylesheet\" href=\"css\/bootstrap.min.css\">\n\n\n<ul class=\"pagination\">\n\t    \n\t\n\n<li >\n\t<a href='?page_no=24927'>Previous<\/a>\n\t<\/li>\n\n\n       \n    \n\n<li><a href='?page_no=1'>1<\/a><\/li>\n\n\n\n<li><a href='?page_no=2'>2<\/a><\/li>\n\n\n\n<li><a>...<\/a><\/li>\n\n\n\n<li><a href='?page_no=24926'>24926<\/a><\/li>\n\n\n\n<li><a href='?page_no=24927'>24927<\/a><\/li>\n\n\n\n<li class='active'><a>24928<\/a><\/li>\n\n\n\n<li><a href='?page_no=24929'>24929<\/a><\/li>\n\n\n\n<li><a href='?page_no=24930'>24930<\/a><\/li>\n\n\n\n<li><a>...<\/a><\/li>\n\n\n\n<li><a href='?page_no=51012'>51012<\/a><\/li>\n\n\n\n<li><a href='?page_no=51013'>51013<\/a><\/li>\n\n    \n\t\n\n<li >\n\t<a href='?page_no=24929'>Next<\/a>\n\t<\/li>\n\n\n    \n\n<li><a href='?page_no=51013'>Last &rsaquo;&rsaquo;<\/a><\/li>\n\n<\/ul>\n\n\n--><br \/>\n<\/body><\/p>\n","protected":false},"excerpt":{"rendered":"<p>Caracas, Venezuela 13 febrero.- Cientos de simpatizantes opositores marcharon hoy en Caracas en recuerdo de los fallecidos hace un a\u00f1o al t\u00e9rmino de una manifestaci\u00f3n de la oposici\u00f3n, lo que dio inicio a un ola de protestas antigubernamentales, algunas violentas, que dejaron un saldo oficial de 43 muertos. Tras concentrarse en la conocida plaza de [&hellip;]<\/p>\n","protected":false},"author":3,"featured_media":0,"comment_status":"open","ping_status":"open","sticky":false,"template":"","format":"standard","meta":{"footnotes":""},"categories":[23],"tags":[],"class_list":["post-255283","post","type-post","status-publish","format-standard","hentry","category-internacional"],"_links":{"self":[{"href":"https:\/\/diariodominicano.com\/index.php?rest_route=\/wp\/v2\/posts\/255283","targetHints":{"allow":["GET"]}}],"collection":[{"href":"https:\/\/diariodominicano.com\/index.php?rest_route=\/wp\/v2\/posts"}],"about":[{"href":"https:\/\/diariodominicano.com\/index.php?rest_route=\/wp\/v2\/types\/post"}],"author":[{"embeddable":true,"href":"https:\/\/diariodominicano.com\/index.php?rest_route=\/wp\/v2\/users\/3"}],"replies":[{"embeddable":true,"href":"https:\/\/diariodominicano.com\/index.php?rest_route=%2Fwp%2Fv2%2Fcomments&post=255283"}],"version-history":[{"count":0,"href":"https:\/\/diariodominicano.com\/index.php?rest_route=\/wp\/v2\/posts\/255283\/revisions"}],"wp:attachment":[{"href":"https:\/\/diariodominicano.com\/index.php?rest_route=%2Fwp%2Fv2%2Fmedia&parent=255283"}],"wp:term":[{"taxonomy":"category","embeddable":true,"href":"https:\/\/diariodominicano.com\/index.php?rest_route=%2Fwp%2Fv2%2Fcategories&post=255283"},{"taxonomy":"post_tag","embeddable":true,"href":"https:\/\/diariodominicano.com\/index.php?rest_route=%2Fwp%2Fv2%2Ftags&post=255283"}],"curies":[{"name":"wp","href":"https:\/\/api.w.org\/{rel}","templated":true}]}}