{"id":255282,"date":"2015-02-13T10:59:41","date_gmt":"2015-02-13T10:59:41","guid":{"rendered":"http:\/\/diariodominicano.ddns.net\/?p=255282"},"modified":"2015-02-13T10:59:41","modified_gmt":"2015-02-13T10:59:41","slug":"nicolas-maduro-denuncia-un-complot-para-asesinarlo","status":"publish","type":"post","link":"https:\/\/diariodominicano.com\/?p=255282","title":{"rendered":"Nicol\u00e1s Maduro denuncia un complot para asesinarlo"},"content":{"rendered":"<p><body><\/p>\n<p><img decoding=\"async\" src=\"img3\/maduro 13.jpeg\" \/>  <\/p>\n<p>Caracas, Venezuela 13 febrero.- El presidente Nicol\u00e1s Maduro denunci\u00f3 ayer jueves la desarticulaci\u00f3n de una presunta conspiraci\u00f3n para derrocarlo en la que estar\u00edan implicados opositores locales y destac\u00f3 que un grupo de oficiales de la aviaci\u00f3n militar venezolana, entre ellos un general, fueron detenidos por su supuesta relaci\u00f3n con esos hechos.<\/p>\n<\/p>\n<p>El plan, seg\u00fan el mandatario, estaba dirigido a ejecutar un \u00abgolpe de Estado\u00bb y asesinarlo junto con otros dirigentes oficialistas. El mandatario dijo que \u00abla estrategia trazada desde Washington\u00bb consist\u00eda en \u00abartillar un avi\u00f3n Tucano y atacar el Palacio de Miraflores&#8230; o donde yo participara\u00bb en los actos conmemorativos convocados por el oficialismo con motivo del D\u00eda de la Juventud, dijo Maduro en un acto de gobierno televisado. Afirm\u00f3 que el Tucano ser\u00eda tra\u00eddo del exterior, por lo que orden\u00f3 \u00abalertar\u00bb a gobiernos vecinos, entre ellos Colombia, para que eviten cualquier incursi\u00f3n desde sus territorios.<\/p>\n<\/p>\n<p>Contra la democracia<\/p>\n<\/p>\n<p>\u00abHemos desarticulado, hemos desmantelado un atentado golpista contra la democracia, contra la estabilidad de nuestra patria. Se trata de un intento de utilizar a un grupo de oficiales de la aviaci\u00f3n militar para provocar un hecho violento, un atentado, un ataque\u00bb, insisti\u00f3.<\/p>\n<\/p>\n<p>\u00abEst\u00e1n presos los conjurados&#8230; estamos desmantelando el resto de este atentado golpista\u00bb, destac\u00f3 Maduro.<\/p>\n<\/p>\n<p>El gobernante -a semejanza de su predecesor, el difunto presidente Hugo Ch\u00e1vez-  ha denunciado durante sus casi dos a\u00f1os de gobierno unos seis planes de magnicidio y cerca de dos decenas de actos de sabotaje y complot. <\/p>\n<\/p>\n<p>La oposici\u00f3n ha desestimado esas denuncias asegurando que forman parte de una estrategia del oficialismo para distraer la atenci\u00f3n de los venezolanos de los problemas graves que padece el pa\u00eds. <\/p>\n<\/p>\n<p>LAS MARCHAS POR DIVERSOS PUNTOS<\/p>\n<\/p>\n<p>Simpatizantes del Gobierno venezolano y opositores marchan ayer por varios puntos del pa\u00eds el d\u00eda en que se cumple un a\u00f1o del inicio de una ola de protestas antigubernamentales, algunas violentas, que se prolongaron cerca de cuatro meses y dejaron un saldo oficial de 43 muertos. El chavismo se moviliz\u00f3 por el centro de Caracas en un acto que servir\u00e1 tambi\u00e9n para conmemorar el 201 aniversario de la llamada Batalla de la Victoria. La oposici\u00f3n, liderada por la exdiputada Mar\u00eda Corina Machado y el alcalde metropolitano de Caracas, Antonio Ledezma, march\u00f3 por la capital.<\/p>\n<h6> 2015-02-13 10:59:41 <\/h6>\n<p><!--\n<link rel=\"stylesheet\" href=\"css\/bootstrap.min.css\">\n\n\n<ul class=\"pagination\">\n\t    \n\t\n\n<li >\n\t<a href='?page_no=24926'>Previous<\/a>\n\t<\/li>\n\n\n       \n    \n\n<li><a href='?page_no=1'>1<\/a><\/li>\n\n\n\n<li><a href='?page_no=2'>2<\/a><\/li>\n\n\n\n<li><a>...<\/a><\/li>\n\n\n\n<li><a href='?page_no=24925'>24925<\/a><\/li>\n\n\n\n<li><a href='?page_no=24926'>24926<\/a><\/li>\n\n\n\n<li class='active'><a>24927<\/a><\/li>\n\n\n\n<li><a href='?page_no=24928'>24928<\/a><\/li>\n\n\n\n<li><a href='?page_no=24929'>24929<\/a><\/li>\n\n\n\n<li><a>...<\/a><\/li>\n\n\n\n<li><a href='?page_no=51012'>51012<\/a><\/li>\n\n\n\n<li><a href='?page_no=51013'>51013<\/a><\/li>\n\n    \n\t\n\n<li >\n\t<a href='?page_no=24928'>Next<\/a>\n\t<\/li>\n\n\n    \n\n<li><a href='?page_no=51013'>Last &rsaquo;&rsaquo;<\/a><\/li>\n\n<\/ul>\n\n\n--><br \/>\n<\/body><\/p>\n","protected":false},"excerpt":{"rendered":"<p>Caracas, Venezuela 13 febrero.- El presidente Nicol\u00e1s Maduro denunci\u00f3 ayer jueves la desarticulaci\u00f3n de una presunta conspiraci\u00f3n para derrocarlo en la que estar\u00edan implicados opositores locales y destac\u00f3 que un grupo de oficiales de la aviaci\u00f3n militar venezolana, entre ellos un general, fueron detenidos por su supuesta relaci\u00f3n con esos hechos. El plan, seg\u00fan el [&hellip;]<\/p>\n","protected":false},"author":3,"featured_media":0,"comment_status":"open","ping_status":"open","sticky":false,"template":"","format":"standard","meta":{"footnotes":""},"categories":[23],"tags":[],"class_list":["post-255282","post","type-post","status-publish","format-standard","hentry","category-internacional"],"_links":{"self":[{"href":"https:\/\/diariodominicano.com\/index.php?rest_route=\/wp\/v2\/posts\/255282","targetHints":{"allow":["GET"]}}],"collection":[{"href":"https:\/\/diariodominicano.com\/index.php?rest_route=\/wp\/v2\/posts"}],"about":[{"href":"https:\/\/diariodominicano.com\/index.php?rest_route=\/wp\/v2\/types\/post"}],"author":[{"embeddable":true,"href":"https:\/\/diariodominicano.com\/index.php?rest_route=\/wp\/v2\/users\/3"}],"replies":[{"embeddable":true,"href":"https:\/\/diariodominicano.com\/index.php?rest_route=%2Fwp%2Fv2%2Fcomments&post=255282"}],"version-history":[{"count":0,"href":"https:\/\/diariodominicano.com\/index.php?rest_route=\/wp\/v2\/posts\/255282\/revisions"}],"wp:attachment":[{"href":"https:\/\/diariodominicano.com\/index.php?rest_route=%2Fwp%2Fv2%2Fmedia&parent=255282"}],"wp:term":[{"taxonomy":"category","embeddable":true,"href":"https:\/\/diariodominicano.com\/index.php?rest_route=%2Fwp%2Fv2%2Fcategories&post=255282"},{"taxonomy":"post_tag","embeddable":true,"href":"https:\/\/diariodominicano.com\/index.php?rest_route=%2Fwp%2Fv2%2Ftags&post=255282"}],"curies":[{"name":"wp","href":"https:\/\/api.w.org\/{rel}","templated":true}]}}