{"id":255281,"date":"2015-02-13T12:55:01","date_gmt":"2015-02-13T12:55:01","guid":{"rendered":"http:\/\/diariodominicano.ddns.net\/?p=255281"},"modified":"2015-02-13T12:55:01","modified_gmt":"2015-02-13T12:55:01","slug":"ashton-carter-nuevo-jefe-de-defensa-de-ee-uu","status":"publish","type":"post","link":"https:\/\/diariodominicano.com\/?p=255281","title":{"rendered":"Ashton Carter, nuevo jefe de Defensa de EE.UU."},"content":{"rendered":"<p><body><\/p>\n<p><img decoding=\"async\" src=\"img3\/penta 13.jpeg\" \/>  <\/p>\n<p>Washington DC 13 febrero.- El f\u00edsico, tecn\u00f3crata y veterano funcionario del Pent\u00e1gono Ashton Carter fue confirmado un\u00e1nimemente ayer por el Senado como nuevo secretario de Defensa de Estados Unidos en sustituci\u00f3n de Chuck Hagel, que dimiti\u00f3 en noviembre tras haber estado dos a\u00f1os al mando del Departamento de Defensa. <\/p>\n<\/p>\n<p>Este doctor en f\u00edsica te\u00f3rica, que ha pasado por Harvard, Yale u Oxford, recibi\u00f3 el mayoritario apoyo de 93 de los 100 senadores estadounidenses en la votaci\u00f3n de confirmaci\u00f3n, precedida por una audiencia por la que pas\u00f3 con mejor fortuna que Hagel.<\/p>\n<\/p>\n<p>Primero, n\u00famero dos<\/p>\n<p>Carter, que lleg\u00f3 a sonar como reemplazo de Leon Pannetta cuando era n\u00famero dos del Pent\u00e1gono -cargo que ocup\u00f3 hasta el oto\u00f1o de 2013-, volver\u00e1 a trabajar para la primera agencia gubernamental de Estados Unidos, encargada del mayor presupuesto de Defensa del mundo y de 2.4 millones de empleados entre civiles y militares. <\/p>\n<h6> 2015-02-13 12:55:01 <\/h6>\n<p><!--\n<link rel=\"stylesheet\" href=\"css\/bootstrap.min.css\">\n\n\n<ul class=\"pagination\">\n\t    \n\t\n\n<li >\n\t<a href='?page_no=24925'>Previous<\/a>\n\t<\/li>\n\n\n       \n    \n\n<li><a href='?page_no=1'>1<\/a><\/li>\n\n\n\n<li><a href='?page_no=2'>2<\/a><\/li>\n\n\n\n<li><a>...<\/a><\/li>\n\n\n\n<li><a href='?page_no=24924'>24924<\/a><\/li>\n\n\n\n<li><a href='?page_no=24925'>24925<\/a><\/li>\n\n\n\n<li class='active'><a>24926<\/a><\/li>\n\n\n\n<li><a href='?page_no=24927'>24927<\/a><\/li>\n\n\n\n<li><a href='?page_no=24928'>24928<\/a><\/li>\n\n\n\n<li><a>...<\/a><\/li>\n\n\n\n<li><a href='?page_no=51012'>51012<\/a><\/li>\n\n\n\n<li><a href='?page_no=51013'>51013<\/a><\/li>\n\n    \n\t\n\n<li >\n\t<a href='?page_no=24927'>Next<\/a>\n\t<\/li>\n\n\n    \n\n<li><a href='?page_no=51013'>Last &rsaquo;&rsaquo;<\/a><\/li>\n\n<\/ul>\n\n\n--><br \/>\n<\/body><\/p>\n","protected":false},"excerpt":{"rendered":"<p>Washington DC 13 febrero.- El f\u00edsico, tecn\u00f3crata y veterano funcionario del Pent\u00e1gono Ashton Carter fue confirmado un\u00e1nimemente ayer por el Senado como nuevo secretario de Defensa de Estados Unidos en sustituci\u00f3n de Chuck Hagel, que dimiti\u00f3 en noviembre tras haber estado dos a\u00f1os al mando del Departamento de Defensa. Este doctor en f\u00edsica te\u00f3rica, que [&hellip;]<\/p>\n","protected":false},"author":3,"featured_media":0,"comment_status":"open","ping_status":"open","sticky":false,"template":"","format":"standard","meta":{"footnotes":""},"categories":[23],"tags":[],"class_list":["post-255281","post","type-post","status-publish","format-standard","hentry","category-internacional"],"_links":{"self":[{"href":"https:\/\/diariodominicano.com\/index.php?rest_route=\/wp\/v2\/posts\/255281","targetHints":{"allow":["GET"]}}],"collection":[{"href":"https:\/\/diariodominicano.com\/index.php?rest_route=\/wp\/v2\/posts"}],"about":[{"href":"https:\/\/diariodominicano.com\/index.php?rest_route=\/wp\/v2\/types\/post"}],"author":[{"embeddable":true,"href":"https:\/\/diariodominicano.com\/index.php?rest_route=\/wp\/v2\/users\/3"}],"replies":[{"embeddable":true,"href":"https:\/\/diariodominicano.com\/index.php?rest_route=%2Fwp%2Fv2%2Fcomments&post=255281"}],"version-history":[{"count":0,"href":"https:\/\/diariodominicano.com\/index.php?rest_route=\/wp\/v2\/posts\/255281\/revisions"}],"wp:attachment":[{"href":"https:\/\/diariodominicano.com\/index.php?rest_route=%2Fwp%2Fv2%2Fmedia&parent=255281"}],"wp:term":[{"taxonomy":"category","embeddable":true,"href":"https:\/\/diariodominicano.com\/index.php?rest_route=%2Fwp%2Fv2%2Fcategories&post=255281"},{"taxonomy":"post_tag","embeddable":true,"href":"https:\/\/diariodominicano.com\/index.php?rest_route=%2Fwp%2Fv2%2Ftags&post=255281"}],"curies":[{"name":"wp","href":"https:\/\/api.w.org\/{rel}","templated":true}]}}