{"id":255280,"date":"2015-02-13T13:41:07","date_gmt":"2015-02-13T13:41:07","guid":{"rendered":"http:\/\/diariodominicano.ddns.net\/?p=255280"},"modified":"2015-02-13T13:41:07","modified_gmt":"2015-02-13T13:41:07","slug":"choques-entre-insurgentes-y-ejercito-causan-47-muertos-en-myanmar","status":"publish","type":"post","link":"https:\/\/diariodominicano.com\/?p=255280","title":{"rendered":"&#13;&#13;&#13;Choques entre insurgentes y ej\u00e9rcito causan 47 muertos en Myanmar\t\t\t&#13;"},"content":{"rendered":"<p><body><\/p>\n<\/p>\n<p><span class=\"text1noticias\">Los enfrentamientos que protagonizan el insurrecto Ej\u00e9rcito de la Alianza Democr\u00e1tica Nacional de Birmania y los uniformados tienen lugar en el estado de Shan, cerca de la frontera con China.<\/span><\/p>\n<\/p>\n<p><span class=\"text1noticias\">El tiroteo comenz\u00f3 el pasado lunes y aun se registraban disparos espor\u00e1dicos de uno y otro bando, de acuerdo con el reporte de las fuerzas armadas.<\/span><\/p>\n<\/p>\n<p><span class=\"text1noticias\">La facci\u00f3n opositora armada, integrada por grupos de minor\u00edas \u00e9tnicas que tambi\u00e9n llaman renegados de Kokang, tom\u00f3 posiciones en la localidad de Tautshwe en Shan.<\/span><\/p>\n<\/p>\n<p><span class=\"text1noticias\">Entretanto, aun hay un colosal desorden en las calles de Yangon, la ciudad m\u00e1s grande de Myanmar, a causa de la manifestaci\u00f3n de budistas contra la decisi\u00f3n del Gobierno sobre un permiso para que el grupo \u00e9tnico de los rohingya vote en un refer\u00e9ndum constitucional.<\/span><\/p>\n<\/p>\n<p><span class=\"text1noticias\">La Organizaci\u00f3n Juvenil Arakan y la Red Nacional de Myanmar organizaron la protesta contra una ley en estudio que facultar\u00e1 a 1,5 millones de personas con ciudadan\u00eda temporal ejercer sufragio en la venidera consulta.<\/span><\/p>\n<\/p>\n<p><span class=\"text1noticias\">Los rohingya de fe musulmana constituyen dos tercios de esa minor\u00eda, seg\u00fan el Gobierno, mientras que el resto lo forman descendientes de emigrantes indios o chinos nacidos en Myanmar.<\/span><\/p>\n<\/p>\n<p><span class=\"text1noticias\">Para el pr\u00f3ximo domingo, pol\u00edticos, monjes budistas y otros ciudadanos tienen previsto una protesta masiva en Sittwe, la capital del estado de Rakhine occidental.<\/span><\/p>\n<\/p>\n<p><span class=\"text1noticias\">En esa regi\u00f3n, reside casi un mill\u00f3n de rohingya que las leyes myanmenas consideran inmigrantes ilegales procedentes de Bangladesh, aunque en los autorizaron a emitir sufragios en las elecciones de 2010.<\/span><\/p>\n<\/p>\n<h6> 2015-02-13 13:41:07 <\/h6>\n<p><!--\n<link rel=\"stylesheet\" href=\"css\/bootstrap.min.css\">\n\n\n<ul class=\"pagination\">\n\t    \n\t\n\n<li >\n\t<a href='?page_no=24924'>Previous<\/a>\n\t<\/li>\n\n\n       \n    \n\n<li><a href='?page_no=1'>1<\/a><\/li>\n\n\n\n<li><a href='?page_no=2'>2<\/a><\/li>\n\n\n\n<li><a>...<\/a><\/li>\n\n\n\n<li><a href='?page_no=24923'>24923<\/a><\/li>\n\n\n\n<li><a href='?page_no=24924'>24924<\/a><\/li>\n\n\n\n<li class='active'><a>24925<\/a><\/li>\n\n\n\n<li><a href='?page_no=24926'>24926<\/a><\/li>\n\n\n\n<li><a href='?page_no=24927'>24927<\/a><\/li>\n\n\n\n<li><a>...<\/a><\/li>\n\n\n\n<li><a href='?page_no=51012'>51012<\/a><\/li>\n\n\n\n<li><a href='?page_no=51013'>51013<\/a><\/li>\n\n    \n\t\n\n<li >\n\t<a href='?page_no=24926'>Next<\/a>\n\t<\/li>\n\n\n    \n\n<li><a href='?page_no=51013'>Last &rsaquo;&rsaquo;<\/a><\/li>\n\n<\/ul>\n\n\n--><br \/>\n<\/body><\/p>\n","protected":false},"excerpt":{"rendered":"<p>Los enfrentamientos que protagonizan el insurrecto Ej\u00e9rcito de la Alianza Democr\u00e1tica Nacional de Birmania y los uniformados tienen lugar en el estado de Shan, cerca de la frontera con China. El tiroteo comenz\u00f3 el pasado lunes y aun se registraban disparos espor\u00e1dicos de uno y otro bando, de acuerdo con el reporte de las fuerzas [&hellip;]<\/p>\n","protected":false},"author":3,"featured_media":0,"comment_status":"open","ping_status":"open","sticky":false,"template":"","format":"standard","meta":{"footnotes":""},"categories":[23],"tags":[],"class_list":["post-255280","post","type-post","status-publish","format-standard","hentry","category-internacional"],"_links":{"self":[{"href":"https:\/\/diariodominicano.com\/index.php?rest_route=\/wp\/v2\/posts\/255280","targetHints":{"allow":["GET"]}}],"collection":[{"href":"https:\/\/diariodominicano.com\/index.php?rest_route=\/wp\/v2\/posts"}],"about":[{"href":"https:\/\/diariodominicano.com\/index.php?rest_route=\/wp\/v2\/types\/post"}],"author":[{"embeddable":true,"href":"https:\/\/diariodominicano.com\/index.php?rest_route=\/wp\/v2\/users\/3"}],"replies":[{"embeddable":true,"href":"https:\/\/diariodominicano.com\/index.php?rest_route=%2Fwp%2Fv2%2Fcomments&post=255280"}],"version-history":[{"count":0,"href":"https:\/\/diariodominicano.com\/index.php?rest_route=\/wp\/v2\/posts\/255280\/revisions"}],"wp:attachment":[{"href":"https:\/\/diariodominicano.com\/index.php?rest_route=%2Fwp%2Fv2%2Fmedia&parent=255280"}],"wp:term":[{"taxonomy":"category","embeddable":true,"href":"https:\/\/diariodominicano.com\/index.php?rest_route=%2Fwp%2Fv2%2Fcategories&post=255280"},{"taxonomy":"post_tag","embeddable":true,"href":"https:\/\/diariodominicano.com\/index.php?rest_route=%2Fwp%2Fv2%2Ftags&post=255280"}],"curies":[{"name":"wp","href":"https:\/\/api.w.org\/{rel}","templated":true}]}}