{"id":255279,"date":"2015-02-13T14:36:10","date_gmt":"2015-02-13T14:36:10","guid":{"rendered":"http:\/\/diariodominicano.ddns.net\/?p=255279"},"modified":"2015-02-13T14:36:10","modified_gmt":"2015-02-13T14:36:10","slug":"hallados-mas-de-cinco-mil-cuerpos-en-fosas-comunes-colombianas","status":"publish","type":"post","link":"https:\/\/diariodominicano.com\/?p=255279","title":{"rendered":"&#13;&#13;Hallados m\u00e1s de cinco mil cuerpos en fosas comunes colombianas"},"content":{"rendered":"<p><body><\/p>\n<p><img decoding=\"async\" src=\"img3\/colombia-fosascomunes.jpg\" \/>  <\/p>\n<\/p>\n<p><span class=\"text1noticias\">\t\t\t<\/span><\/p>\n<p><span class=\"text1noticias\">  <\/span><\/p>\n<\/p>\n<p><span class=\"text1noticias\">Tales hallazgos ocurrieron en el transcurso de los \u00faltimos nueve a\u00f1os, precis\u00f3 RCN La Radio.<\/span><\/p>\n<\/p>\n<p><span class=\"text1noticias\">Seg\u00fan el m\u00e1s reciente parte de ese organismo, las labores de exhumaci\u00f3n fueron m\u00e1s intensas en Antioquia, Magdalena, Putumayo y C\u00f3rdoba, donde los peritos descubrieron numerosos despojos humanos.<\/span><\/p>\n<\/p>\n<p><span class=\"text1noticias\">Actualmente equipos de especialistas trabajan en una zona del sue\u00f1o departamento de Nari\u00f1o para intentar extraer las osamentas de al menos 62 personas, aniquiladas por bandas paramilitares en la d\u00e9cada pasada.<\/span><\/p>\n<\/p>\n<p><span class=\"text1noticias\">Hasta el momento lograron exhumar los restos de 26 ciudadanos en el sitio conocido como Bocas de Satinga.<\/span><\/p>\n<\/p>\n<p><span class=\"text1noticias\">Los cuerpos que flotaban en los r\u00edos, eran enterrados por \u00c1ngel Herrera, inspector de polic\u00eda entre los a\u00f1os 2000 y 2005, quien ofreci\u00f3 las primeras pistas sobre este caso.<\/span><\/p>\n<\/p>\n<p><span class=\"text1noticias\">Yo los recog\u00eda, unos estaban con prendas de vestir, otros en avanzado estado de descomposici\u00f3n, los envolv\u00eda en pl\u00e1stico y les daba cristiana sepultura en el cementerio del municipio Olaya Herrera-Bocas de Satinga, coment\u00f3 el anciano de 87 a\u00f1os de edad, en declaraciones a periodistas <\/span><\/p>\n<\/p>\n<p><span class=\"text1noticias\">Determinar la identidad de las v\u00edctimas para entregarlas a sus familiares en el menor tiempo posible es prioridad de los investigadores, asegur\u00f3 el fiscal general de Colombia Eduardo Montealegre.<\/span><\/p>\n<\/p>\n<p><span class=\"text1noticias\">Entre 2000 y 2005 -record\u00f3- grupos paramilitares protagonizaron cruentas luchas en la regi\u00f3n.<\/span><\/p>\n<h6> 2015-02-13 14:36:10 <\/h6>\n<p><!--\n<link rel=\"stylesheet\" href=\"css\/bootstrap.min.css\">\n\n\n<ul class=\"pagination\">\n\t    \n\t\n\n<li >\n\t<a href='?page_no=24923'>Previous<\/a>\n\t<\/li>\n\n\n       \n    \n\n<li><a href='?page_no=1'>1<\/a><\/li>\n\n\n\n<li><a href='?page_no=2'>2<\/a><\/li>\n\n\n\n<li><a>...<\/a><\/li>\n\n\n\n<li><a href='?page_no=24922'>24922<\/a><\/li>\n\n\n\n<li><a href='?page_no=24923'>24923<\/a><\/li>\n\n\n\n<li class='active'><a>24924<\/a><\/li>\n\n\n\n<li><a href='?page_no=24925'>24925<\/a><\/li>\n\n\n\n<li><a href='?page_no=24926'>24926<\/a><\/li>\n\n\n\n<li><a>...<\/a><\/li>\n\n\n\n<li><a href='?page_no=51012'>51012<\/a><\/li>\n\n\n\n<li><a href='?page_no=51013'>51013<\/a><\/li>\n\n    \n\t\n\n<li >\n\t<a href='?page_no=24925'>Next<\/a>\n\t<\/li>\n\n\n    \n\n<li><a href='?page_no=51013'>Last &rsaquo;&rsaquo;<\/a><\/li>\n\n<\/ul>\n\n\n--><br \/>\n<\/body><\/p>\n","protected":false},"excerpt":{"rendered":"<p>Tales hallazgos ocurrieron en el transcurso de los \u00faltimos nueve a\u00f1os, precis\u00f3 RCN La Radio. Seg\u00fan el m\u00e1s reciente parte de ese organismo, las labores de exhumaci\u00f3n fueron m\u00e1s intensas en Antioquia, Magdalena, Putumayo y C\u00f3rdoba, donde los peritos descubrieron numerosos despojos humanos. Actualmente equipos de especialistas trabajan en una zona del sue\u00f1o departamento de [&hellip;]<\/p>\n","protected":false},"author":3,"featured_media":0,"comment_status":"open","ping_status":"open","sticky":false,"template":"","format":"standard","meta":{"footnotes":""},"categories":[23],"tags":[],"class_list":["post-255279","post","type-post","status-publish","format-standard","hentry","category-internacional"],"_links":{"self":[{"href":"https:\/\/diariodominicano.com\/index.php?rest_route=\/wp\/v2\/posts\/255279","targetHints":{"allow":["GET"]}}],"collection":[{"href":"https:\/\/diariodominicano.com\/index.php?rest_route=\/wp\/v2\/posts"}],"about":[{"href":"https:\/\/diariodominicano.com\/index.php?rest_route=\/wp\/v2\/types\/post"}],"author":[{"embeddable":true,"href":"https:\/\/diariodominicano.com\/index.php?rest_route=\/wp\/v2\/users\/3"}],"replies":[{"embeddable":true,"href":"https:\/\/diariodominicano.com\/index.php?rest_route=%2Fwp%2Fv2%2Fcomments&post=255279"}],"version-history":[{"count":0,"href":"https:\/\/diariodominicano.com\/index.php?rest_route=\/wp\/v2\/posts\/255279\/revisions"}],"wp:attachment":[{"href":"https:\/\/diariodominicano.com\/index.php?rest_route=%2Fwp%2Fv2%2Fmedia&parent=255279"}],"wp:term":[{"taxonomy":"category","embeddable":true,"href":"https:\/\/diariodominicano.com\/index.php?rest_route=%2Fwp%2Fv2%2Fcategories&post=255279"},{"taxonomy":"post_tag","embeddable":true,"href":"https:\/\/diariodominicano.com\/index.php?rest_route=%2Fwp%2Fv2%2Ftags&post=255279"}],"curies":[{"name":"wp","href":"https:\/\/api.w.org\/{rel}","templated":true}]}}