{"id":255278,"date":"2015-02-13T14:40:51","date_gmt":"2015-02-13T14:40:51","guid":{"rendered":"http:\/\/diariodominicano.ddns.net\/?p=255278"},"modified":"2015-02-13T14:40:51","modified_gmt":"2015-02-13T14:40:51","slug":"primer-ministro-magiar-rechaza-flexibilizar-orden-migratorio-en-ue","status":"publish","type":"post","link":"https:\/\/diariodominicano.com\/?p=255278","title":{"rendered":"&#13;Primer ministro magiar rechaza flexibilizar orden migratorio en UE"},"content":{"rendered":"<p><body><\/p>\n<p><img decoding=\"async\" src=\"img3\/viktor.jpg\" \/>  <\/p>\n<p><span class=\"text1noticias\">\t\t\t<\/span><\/p>\n<p><span class=\"text1noticias\">  <\/span><\/p>\n<\/p>\n<p><span class=\"text1noticias\">Budapest, 13 feb (PL) El primer ministro h\u00fangaro, Viktor Orban, critic\u00f3 hoy las regulaciones de la Uni\u00f3n Europea (UE) en materia migratoria y abog\u00f3 por una expulsi\u00f3n inmediata de for\u00e1neos ilegales en la regi\u00f3n.<\/span><\/p>\n<\/p>\n<p><span class=\"text1noticias\">Orban, quien calific\u00f3 de irracionales a las leyes sobre inmigraci\u00f3n de la UE, se pronunci\u00f3 por la deportaci\u00f3n inmediata de ilegales que crucen las fronteras europeas.<\/span><\/p>\n<\/p>\n<p><span class=\"text1noticias\">La inmigraci\u00f3n ilegal solo trae problemas, se\u00f1al\u00f3 el jefe de Gobierno magiar, quien exhort\u00f3 a endurecer las leyes en esa esfera de este pa\u00eds, donde en este a\u00f1o fueron arrestados 25 mil kosovares indocumentados.<\/span><\/p>\n<\/p>\n<p><span class=\"text1noticias\">El 80 por ciento de los inmigrantes detenidos aqu\u00ed, prosigue luego viaje a otras naciones europeas m\u00e1s ricas como Alemania o Austria, comenta la televisi\u00f3n capitalina.<\/span><\/p>\n<\/p>\n<p><span class=\"text1noticias\">Para Orban, si las autoridades germanas y austriacas modifican sus legislaciones sobre la entrada de extranjeros, entonces los inmigrantes se concentrar\u00e1n en territorio h\u00fangaro.<\/span><\/p>\n<\/p>\n<p><span class=\"text1noticias\">Adem\u00e1s, el Primer Ministro lament\u00f3 la prohibici\u00f3n por la UE de las expulsiones autom\u00e1ticas de los ilegales que llegan a Europa y demand\u00f3 revocar tal disposici\u00f3n.<\/span><\/p>\n<\/p>\n<p><span class=\"text1noticias\">El bloque comunitario analiz\u00f3 recientemente las regulaciones migratorias, en especial, despu\u00e9s de una reciente tragedia en el canal de Sicilia, donde perecieron m\u00e1s de 300 inmigrantes, en su mayor\u00eda a causa de hipotermia.<\/span><\/p>\n<\/p>\n<p><span class=\"text1noticias\">Pa\u00edses como Italia, uno de los principales puntos de llegada de los for\u00e1neos, tras cruzar el Mediterr\u00e1neo, llam\u00f3 a sus socios de la UE a mostrar m\u00e1s solidaridad y a enfrentar juntos el fen\u00f3meno de la inmigraci\u00f3n ilegal y el tr\u00e1fico de personas.<\/span><\/p>\n<h6> 2015-02-13 14:40:51 <\/h6>\n<p><!--\n<link rel=\"stylesheet\" href=\"css\/bootstrap.min.css\">\n\n\n<ul class=\"pagination\">\n\t    \n\t\n\n<li >\n\t<a href='?page_no=24922'>Previous<\/a>\n\t<\/li>\n\n\n       \n    \n\n<li><a href='?page_no=1'>1<\/a><\/li>\n\n\n\n<li><a href='?page_no=2'>2<\/a><\/li>\n\n\n\n<li><a>...<\/a><\/li>\n\n\n\n<li><a href='?page_no=24921'>24921<\/a><\/li>\n\n\n\n<li><a href='?page_no=24922'>24922<\/a><\/li>\n\n\n\n<li class='active'><a>24923<\/a><\/li>\n\n\n\n<li><a href='?page_no=24924'>24924<\/a><\/li>\n\n\n\n<li><a href='?page_no=24925'>24925<\/a><\/li>\n\n\n\n<li><a>...<\/a><\/li>\n\n\n\n<li><a href='?page_no=51012'>51012<\/a><\/li>\n\n\n\n<li><a href='?page_no=51013'>51013<\/a><\/li>\n\n    \n\t\n\n<li >\n\t<a href='?page_no=24924'>Next<\/a>\n\t<\/li>\n\n\n    \n\n<li><a href='?page_no=51013'>Last &rsaquo;&rsaquo;<\/a><\/li>\n\n<\/ul>\n\n\n--><br \/>\n<\/body><\/p>\n","protected":false},"excerpt":{"rendered":"<p>Budapest, 13 feb (PL) El primer ministro h\u00fangaro, Viktor Orban, critic\u00f3 hoy las regulaciones de la Uni\u00f3n Europea (UE) en materia migratoria y abog\u00f3 por una expulsi\u00f3n inmediata de for\u00e1neos ilegales en la regi\u00f3n. Orban, quien calific\u00f3 de irracionales a las leyes sobre inmigraci\u00f3n de la UE, se pronunci\u00f3 por la deportaci\u00f3n inmediata de ilegales [&hellip;]<\/p>\n","protected":false},"author":3,"featured_media":0,"comment_status":"open","ping_status":"open","sticky":false,"template":"","format":"standard","meta":{"footnotes":""},"categories":[23],"tags":[],"class_list":["post-255278","post","type-post","status-publish","format-standard","hentry","category-internacional"],"_links":{"self":[{"href":"https:\/\/diariodominicano.com\/index.php?rest_route=\/wp\/v2\/posts\/255278","targetHints":{"allow":["GET"]}}],"collection":[{"href":"https:\/\/diariodominicano.com\/index.php?rest_route=\/wp\/v2\/posts"}],"about":[{"href":"https:\/\/diariodominicano.com\/index.php?rest_route=\/wp\/v2\/types\/post"}],"author":[{"embeddable":true,"href":"https:\/\/diariodominicano.com\/index.php?rest_route=\/wp\/v2\/users\/3"}],"replies":[{"embeddable":true,"href":"https:\/\/diariodominicano.com\/index.php?rest_route=%2Fwp%2Fv2%2Fcomments&post=255278"}],"version-history":[{"count":0,"href":"https:\/\/diariodominicano.com\/index.php?rest_route=\/wp\/v2\/posts\/255278\/revisions"}],"wp:attachment":[{"href":"https:\/\/diariodominicano.com\/index.php?rest_route=%2Fwp%2Fv2%2Fmedia&parent=255278"}],"wp:term":[{"taxonomy":"category","embeddable":true,"href":"https:\/\/diariodominicano.com\/index.php?rest_route=%2Fwp%2Fv2%2Fcategories&post=255278"},{"taxonomy":"post_tag","embeddable":true,"href":"https:\/\/diariodominicano.com\/index.php?rest_route=%2Fwp%2Fv2%2Ftags&post=255278"}],"curies":[{"name":"wp","href":"https:\/\/api.w.org\/{rel}","templated":true}]}}