{"id":255276,"date":"2015-02-13T14:49:28","date_gmt":"2015-02-13T14:49:28","guid":{"rendered":"http:\/\/diariodominicano.ddns.net\/?p=255276"},"modified":"2015-02-13T14:49:28","modified_gmt":"2015-02-13T14:49:28","slug":"nuevo-caso-de-corrupcion-involucra-a-gobierno-de-martinelli","status":"publish","type":"post","link":"https:\/\/diariodominicano.com\/?p=255276","title":{"rendered":"&#13;&#13;Nuevo caso de corrupci\u00f3n involucra a Gobierno de Martinelli"},"content":{"rendered":"<p><body><\/p>\n<p><img decoding=\"async\" src=\"img3\/martinelli.jpg\" \/>  <\/p>\n<p><span class=\"text1noticias\">\t\t\t<\/span><\/p>\n<p><span class=\"text1noticias\">  <\/span><\/p>\n<\/p>\n<p><span class=\"text1noticias\">Panam\u00e1, 13 feb (PL) Seis exministros del Gobierno de Ricardo Mart\u00ednelli (2009-2014) son los \u00faltimos mencionados en la red de corrupci\u00f3n administrativa de alto nivel que se investiga en Panam\u00e1, inform\u00f3 hoy el diario La Prensa.<\/span><\/p>\n<\/p>\n<p><span class=\"text1noticias\">Los entonces titulares de Desarrollo Social, Guillermo Ferrufino; Salud, Javier D\u00edaz; Desarrollo Agropecuario, \u00c3\u00bbscar Osorio; Educaci\u00f3n, Lucy Molinar; Obras P\u00fablicas, Jaime Ford, y Presidencia, Roberto Henr\u00edquez, son algunos de los presuntos inculpados en uno de los casos de la Fiscal\u00eda.<\/span><\/p>\n<\/p>\n<p><span class=\"text1noticias\">Vielka Broce, fiscal Segunda Anticorrupci\u00f3n, investiga la contrataci\u00f3n de alquiler de helic\u00f3pteros, cuyo precio de mercado local era de mil 800 d\u00f3lares la hora y las facturas oscilaron alrededor de tres mil.<\/span><\/p>\n<\/p>\n<p><span class=\"text1noticias\">Para este expediente, la Fiscal\u00eda llam\u00f3 a indagatoria al exdirector del Programa de Ayuda Nacional (PAN) Rafael Guardia, entidad que contrataba el servicio, pero el acusado afirm\u00f3 que los exministros transfer\u00edan sus fondos al PAN y solicitaban el servicio.<\/span><\/p>\n<\/p>\n<p><span class=\"text1noticias\">En la misma petici\u00f3n, consignaban los nombres de las cuatro empresas que ten\u00edan que ser contratadas para los vuelos; \u00abGuardia se\u00f1al\u00f3 que pr\u00e1cticamente no pod\u00eda hacer nada, porque simplemente custodiaba un dinero que no le pertenec\u00eda\u00bb, precis\u00f3 a la prensa su abogado V\u00edctor Orobio.<\/span><\/p>\n<\/p>\n<p><span class=\"text1noticias\">Otros exfuncionarios de alto rango involucrados en estas pr\u00e1cticas fueron los antiguos titulares de la Autoridad de Tr\u00e1nsito y Transporte Terrestre, Instituto Nacional de Cultura y Autoridad Nacional del Ambiente, seg\u00fan las declaraciones.<\/span><\/p>\n<\/p>\n<p><span class=\"text1noticias\">Como parte de la cadena de casos de corrupci\u00f3n, la Fiscal\u00eda investiga tambi\u00e9n al candidato presidencial por el partido Cambio Democr\u00e1tico (CD), Jos\u00e9 Domingo Arias, a quien la v\u00edspera se le despoj\u00f3 del fuero electoral que regulaba su procesamiento.<\/span><\/p>\n<\/p>\n<p><span class=\"text1noticias\">Durante el pasado gobierno, el candidato asisti\u00f3 a las inauguraciones de obras por invitaci\u00f3n del otrora presidente y jefe del CD, Ricardo Martinelli, aprovechando as\u00ed para beneficio pol\u00edtico actos financiados con recursos del Estado, lo que constituye delito penado en las leyes paname\u00f1as.<\/span><\/p>\n<\/p>\n<p><span class=\"text1noticias\">Esta denuncia fue interpuesta hace un a\u00f1o por el abogado del Partido Revolucionario Democr\u00e1tico, Jorge Z\u00fa\u00f1iga, y sobre este hecho, el presidente del Tribunal Electoral, Erasmo Pinilla, dijo que con extraordinario retraso, ahora es cuando su instituci\u00f3n puede manejar la demanda.<\/span><\/p>\n<\/p>\n<h6> 2015-02-13 14:49:28 <\/h6>\n<p><!--\n<link rel=\"stylesheet\" href=\"css\/bootstrap.min.css\">\n\n\n<ul class=\"pagination\">\n\t    \n\t\n\n<li >\n\t<a href='?page_no=24920'>Previous<\/a>\n\t<\/li>\n\n\n       \n    \n\n<li><a href='?page_no=1'>1<\/a><\/li>\n\n\n\n<li><a href='?page_no=2'>2<\/a><\/li>\n\n\n\n<li><a>...<\/a><\/li>\n\n\n\n<li><a href='?page_no=24919'>24919<\/a><\/li>\n\n\n\n<li><a href='?page_no=24920'>24920<\/a><\/li>\n\n\n\n<li class='active'><a>24921<\/a><\/li>\n\n\n\n<li><a href='?page_no=24922'>24922<\/a><\/li>\n\n\n\n<li><a href='?page_no=24923'>24923<\/a><\/li>\n\n\n\n<li><a>...<\/a><\/li>\n\n\n\n<li><a href='?page_no=51012'>51012<\/a><\/li>\n\n\n\n<li><a href='?page_no=51013'>51013<\/a><\/li>\n\n    \n\t\n\n<li >\n\t<a href='?page_no=24922'>Next<\/a>\n\t<\/li>\n\n\n    \n\n<li><a href='?page_no=51013'>Last &rsaquo;&rsaquo;<\/a><\/li>\n\n<\/ul>\n\n\n--><br \/>\n<\/body><\/p>\n","protected":false},"excerpt":{"rendered":"<p>Panam\u00e1, 13 feb (PL) Seis exministros del Gobierno de Ricardo Mart\u00ednelli (2009-2014) son los \u00faltimos mencionados en la red de corrupci\u00f3n administrativa de alto nivel que se investiga en Panam\u00e1, inform\u00f3 hoy el diario La Prensa. Los entonces titulares de Desarrollo Social, Guillermo Ferrufino; Salud, Javier D\u00edaz; Desarrollo Agropecuario, \u00c3\u00bbscar Osorio; Educaci\u00f3n, Lucy Molinar; Obras [&hellip;]<\/p>\n","protected":false},"author":3,"featured_media":0,"comment_status":"open","ping_status":"open","sticky":false,"template":"","format":"standard","meta":{"footnotes":""},"categories":[23],"tags":[],"class_list":["post-255276","post","type-post","status-publish","format-standard","hentry","category-internacional"],"_links":{"self":[{"href":"https:\/\/diariodominicano.com\/index.php?rest_route=\/wp\/v2\/posts\/255276","targetHints":{"allow":["GET"]}}],"collection":[{"href":"https:\/\/diariodominicano.com\/index.php?rest_route=\/wp\/v2\/posts"}],"about":[{"href":"https:\/\/diariodominicano.com\/index.php?rest_route=\/wp\/v2\/types\/post"}],"author":[{"embeddable":true,"href":"https:\/\/diariodominicano.com\/index.php?rest_route=\/wp\/v2\/users\/3"}],"replies":[{"embeddable":true,"href":"https:\/\/diariodominicano.com\/index.php?rest_route=%2Fwp%2Fv2%2Fcomments&post=255276"}],"version-history":[{"count":0,"href":"https:\/\/diariodominicano.com\/index.php?rest_route=\/wp\/v2\/posts\/255276\/revisions"}],"wp:attachment":[{"href":"https:\/\/diariodominicano.com\/index.php?rest_route=%2Fwp%2Fv2%2Fmedia&parent=255276"}],"wp:term":[{"taxonomy":"category","embeddable":true,"href":"https:\/\/diariodominicano.com\/index.php?rest_route=%2Fwp%2Fv2%2Fcategories&post=255276"},{"taxonomy":"post_tag","embeddable":true,"href":"https:\/\/diariodominicano.com\/index.php?rest_route=%2Fwp%2Fv2%2Ftags&post=255276"}],"curies":[{"name":"wp","href":"https:\/\/api.w.org\/{rel}","templated":true}]}}