{"id":255274,"date":"2015-02-13T21:49:25","date_gmt":"2015-02-13T21:49:25","guid":{"rendered":"http:\/\/diariodominicano.ddns.net\/?p=255274"},"modified":"2015-02-13T21:49:25","modified_gmt":"2015-02-13T21:49:25","slug":"francia-alerta-a-sus-ciudadanos-sobre-riesgos-en-haiti","status":"publish","type":"post","link":"https:\/\/diariodominicano.com\/?p=255274","title":{"rendered":"Francia alerta a sus ciudadanos sobre riesgos en Hait\u00ed"},"content":{"rendered":"<p><body><\/p>\n<p><span class=\"text1noticias\">Hait\u00ed, 13 feb (Xinhua) &#8212; La prensa haitiana destac\u00f3 hoy en Puerto Pr\u00edncipe, que el gobierno franc\u00e9s ha alertado a sus ciudadanos sobre los peligros a los que se exponen si visitan Hait\u00ed, debido a las recientes movilizaciones contra el gobierno.<\/span><\/p>\n<p><span class=\"text1noticias\"> <\/span><\/p>\n<p><span class=\"text1noticias\">Seg\u00fan medios haitianos, est\u00e1 alerta tambi\u00e9n se debe a los ataques armados que se han registrado en las inmediaciones de la principal terminal a\u00e9rea en la capital del pa\u00eds.<\/span><\/p>\n<p><span class=\"text1noticias\"> <\/span><\/p>\n<p><span class=\"text1noticias\">El gobierno franc\u00e9s detall\u00f3 en sus recomendaciones realizadas por el Ministerio de Asuntos Exteriores a compatriotas que viajan alrededor del mundo, que \u00abestos ataques pueden darse sobre los veh\u00edculos que salen y llegan de la terminal\u00bb a\u00e9rea de la capital haitiana.<\/span><\/p>\n<p><span class=\"text1noticias\"> <\/span><\/p>\n<p><span class=\"text1noticias\">Alert\u00f3 que las manifestaciones registradas en Hait\u00ed, plantean reiteradamente \u00abriesgos\u00bb de incidentes violentos, especialmente los bloqueos de carreteras que impiden el traslado por Puerto Pr\u00edncipe (capital haitiana).<\/span><\/p>\n<p><span class=\"text1noticias\"> <\/span><\/p>\n<p><span class=\"text1noticias\">Es \u00abimprescindible\u00bb anticipar la recepci\u00f3n con familiares o personas de confianza y reducir al m\u00ednimo las cantidades de dinero y objetos de valor transportados, alert\u00f3 el gobierno franc\u00e9s.<\/span><\/p>\n<p><span class=\"text1noticias\"> <\/span><\/p>\n<p><span class=\"text1noticias\">Esta misma semana, el Ministerio de Relaciones Exteriores de Canad\u00e1 emiti\u00f3 otra alerta para sus ciudadanos por la situaci\u00f3n de \u00abinestabilidad y peligro\u00bb que impera en algunos sectores de la capital de Hait\u00ed, por lo que aconsej\u00f3 no visitar esos lugares.<\/span><\/p>\n<p><span class=\"text1noticias\"> <\/span><\/p>\n<p><span class=\"text1noticias\">Se\u00f1al\u00f3 que barrios como Martissant, Carrefour, Bel Air y Cit\u00e9 Soleil, los m\u00e1s populares de la capital haitiana, son tambi\u00e9n los m\u00e1s \u00abpeligrosos\u00bb por el aumento de la delincuencia.<\/span><\/p>\n<p><span class=\"text1noticias\"> <\/span><\/p>\n<p><span class=\"text1noticias\">\u00abLa seguridad de las personas no est\u00e1 garantizada y la presencia de la polic\u00eda no est\u00e1 asegurada\u00bb, indic\u00f3 la canciller\u00eda canadiense en su aviso dirigido a connacionales.<\/span><\/p>\n<p><span class=\"text1noticias\"> <\/span><\/p>\n<p><span class=\"text1noticias\">Hait\u00ed enfrent\u00f3 el a\u00f1o pasado un recrudecimiento de la violencia, reflejada sobre todo en delitos como secuestro, narcotr\u00e1fico, crimen organizado y otros del fuero com\u00fan.<\/span><\/p>\n<p><span class=\"text1noticias\"> <\/span><\/p>\n<p><span class=\"text1noticias\">La situaci\u00f3n empez\u00f3 a empeorar a partir de 2012, a\u00f1o en que el secretario general de Naciones Unidas (ONU), Ban Ki-moon, denunci\u00f3 el aumento en la inseguridad en el \u00e1rea metropolitana de la capital <\/span>haitiana.<\/p>\n<h6> 2015-02-13 21:49:25 <\/h6>\n<p><!--\n<link rel=\"stylesheet\" href=\"css\/bootstrap.min.css\">\n\n\n<ul class=\"pagination\">\n\t    \n\t\n\n<li >\n\t<a href='?page_no=24918'>Previous<\/a>\n\t<\/li>\n\n\n       \n    \n\n<li><a href='?page_no=1'>1<\/a><\/li>\n\n\n\n<li><a href='?page_no=2'>2<\/a><\/li>\n\n\n\n<li><a>...<\/a><\/li>\n\n\n\n<li><a href='?page_no=24917'>24917<\/a><\/li>\n\n\n\n<li><a href='?page_no=24918'>24918<\/a><\/li>\n\n\n\n<li class='active'><a>24919<\/a><\/li>\n\n\n\n<li><a href='?page_no=24920'>24920<\/a><\/li>\n\n\n\n<li><a href='?page_no=24921'>24921<\/a><\/li>\n\n\n\n<li><a>...<\/a><\/li>\n\n\n\n<li><a href='?page_no=51012'>51012<\/a><\/li>\n\n\n\n<li><a href='?page_no=51013'>51013<\/a><\/li>\n\n    \n\t\n\n<li >\n\t<a href='?page_no=24920'>Next<\/a>\n\t<\/li>\n\n\n    \n\n<li><a href='?page_no=51013'>Last &rsaquo;&rsaquo;<\/a><\/li>\n\n<\/ul>\n\n\n--><br \/>\n<\/body><\/p>\n","protected":false},"excerpt":{"rendered":"<p>Hait\u00ed, 13 feb (Xinhua) &#8212; La prensa haitiana destac\u00f3 hoy en Puerto Pr\u00edncipe, que el gobierno franc\u00e9s ha alertado a sus ciudadanos sobre los peligros a los que se exponen si visitan Hait\u00ed, debido a las recientes movilizaciones contra el gobierno. Seg\u00fan medios haitianos, est\u00e1 alerta tambi\u00e9n se debe a los ataques armados que se [&hellip;]<\/p>\n","protected":false},"author":3,"featured_media":0,"comment_status":"open","ping_status":"open","sticky":false,"template":"","format":"standard","meta":{"footnotes":""},"categories":[23],"tags":[],"class_list":["post-255274","post","type-post","status-publish","format-standard","hentry","category-internacional"],"_links":{"self":[{"href":"https:\/\/diariodominicano.com\/index.php?rest_route=\/wp\/v2\/posts\/255274","targetHints":{"allow":["GET"]}}],"collection":[{"href":"https:\/\/diariodominicano.com\/index.php?rest_route=\/wp\/v2\/posts"}],"about":[{"href":"https:\/\/diariodominicano.com\/index.php?rest_route=\/wp\/v2\/types\/post"}],"author":[{"embeddable":true,"href":"https:\/\/diariodominicano.com\/index.php?rest_route=\/wp\/v2\/users\/3"}],"replies":[{"embeddable":true,"href":"https:\/\/diariodominicano.com\/index.php?rest_route=%2Fwp%2Fv2%2Fcomments&post=255274"}],"version-history":[{"count":0,"href":"https:\/\/diariodominicano.com\/index.php?rest_route=\/wp\/v2\/posts\/255274\/revisions"}],"wp:attachment":[{"href":"https:\/\/diariodominicano.com\/index.php?rest_route=%2Fwp%2Fv2%2Fmedia&parent=255274"}],"wp:term":[{"taxonomy":"category","embeddable":true,"href":"https:\/\/diariodominicano.com\/index.php?rest_route=%2Fwp%2Fv2%2Fcategories&post=255274"},{"taxonomy":"post_tag","embeddable":true,"href":"https:\/\/diariodominicano.com\/index.php?rest_route=%2Fwp%2Fv2%2Ftags&post=255274"}],"curies":[{"name":"wp","href":"https:\/\/api.w.org\/{rel}","templated":true}]}}