{"id":255273,"date":"2015-02-13T23:05:19","date_gmt":"2015-02-13T23:05:19","guid":{"rendered":"http:\/\/diariodominicano.ddns.net\/?p=255273"},"modified":"2015-02-13T23:05:19","modified_gmt":"2015-02-13T23:05:19","slug":"afirma-haiti-tendra-un-nuevo-presidente-el-7-de-febrero-de-2016","status":"publish","type":"post","link":"https:\/\/diariodominicano.com\/?p=255273","title":{"rendered":"Afirma Hait\u00ed tendr\u00e1 un nuevo presidente el 7 de febrero de 2016"},"content":{"rendered":"<p><body><\/p>\n<p><img decoding=\"async\" src=\"img3\/-Louis-2009_(2).jpg\" \/>  <\/p>\n<p>Hait\u00ed, 14 feb (Xinhua) &#8212; El presidente del Consejo Electoral Provisional (CEP), Pierre-Louis Oponrt, dijo que Hait\u00ed tendr\u00e1 un nuevo gobernante el segundo mes del pr\u00f3ximo a\u00f1o, y anunci\u00f3 que entre julio pr\u00f3ximo y enero del 2016 los haitianos participar\u00e1n en tres procesos electorales.<\/p>\n<\/p>\n<p>\u00abUn nuevo presidente electo ser\u00e1 juramentado el 7 de febrero de 2016, de lo contrario ser\u00eda un desastre\u00bb, dijo Opont en una entrevista exclusiva concedida al peri\u00f3dico haitiano Le Nouvelliste.<\/p>\n<\/p>\n<p>Hait\u00ed trata de superar una grave crisis pol\u00edtica que tras forzar la dimisi\u00f3n del anterior primer ministro Laurent Lamothe, dej\u00f3 sin funciones al Parlamento debido al prolongado retraso en la organizaci\u00f3n de los comicios.<\/p>\n<\/p>\n<p>El Poder Ejecutivo conform\u00f3 el mes pasado un gobierno de coalici\u00f3n integrado por antiguos ministros y nuevos representantes de la oposici\u00f3n radical, y constituy\u00f3 a un nuevo organismo electoral que tendr\u00e1 a su cargo la organizaci\u00f3n de las elecciones.<\/p>\n<\/p>\n<p>En la entrevista con Le Nouvelliste difundida hoy, Opont pidi\u00f3 calma a los partidos pol\u00edticos por el hecho de que no hay a\u00fan oficialmente un calendario electoral, aunque asegur\u00f3 que el CEP ha identificado dos fechas cruciales: el 25 de octubre 2015 y el 7 de febrero del 2016, fechas designadas constitucionalmente para elegir al presidente de la Rep\u00fablica y para su juramentaci\u00f3n.<\/p>\n<\/p>\n<p>\u00abNo habr\u00e1 pr\u00f3rroga del mandato del jefe de Estado hasta el mes de mayo del 2016 como han denunciado algunos l\u00edderes pol\u00edticos. No existe el riesgo de llegar al 7 de febrero sin un nuevo presidente electo\u00bb, dijo el funcionario.<\/p>\n<\/p>\n<p>Hait\u00ed debe elegir este a\u00f1o a veinte senadores, 112 diputados, 140 autoridades municipales y  1.140 asamble\u00edstas y representantes comunales en todo el pa\u00eds, adem\u00e1s del sucesor del actual presidente Michel Martelly, cuyo mandato culmina en mayo del 2016.<\/p>\n<\/p>\n<p>Serias diferencias entre el Ejecutivo y el Parlamento han demorado las elecciones legislativas y locales durante los \u00faltimos cuatro a\u00f1os.<\/p>\n<\/p>\n<p>Opont dijo a Le Nouvelliste que habr\u00e1 reuniones con todos los partidos pol\u00edticos reconocidos para conocer el proyecto de calendario electoral y el decreto que convocar\u00e1 a elecciones, y confirm\u00f3 que las elecciones parlamentarias se celebrar\u00e1n entre mediados de julio y el 25 de octubre.<\/p>\n<\/p>\n<p>\u00abEstamos hablando de casi doce mil colegios electorales, 1.800 centros de votaci\u00f3n, 55 millones de votos para producir m\u00e1s de 14.000 registros; log\u00edstica, transporte de materiales, inscripci\u00f3n de los partidos pol\u00edticos\u00bb, afirm\u00f3 el presidente del CEP para describir el nivel de complejidad del proceso.<\/p>\n<\/p>\n<p>Opont ya hab\u00eda anunciado esta semana que el proceso para elegir a las nuevas autoridades ser\u00e1 puesto en marcha en marzo, con un calendario electoral que prev\u00e9 la organizaci\u00f3n de la primera ronda parlamentaria en julio y las presidenciales el 25 de octubre de este a\u00f1o.<\/p>\n<\/p>\n<p>En su primera conferencia de prensa desde su designaci\u00f3n, Opont confirm\u00f3 que una versi\u00f3n del anteproyecto de decreto electoral fue aprobado el pasado viernes 6 de febrero por los partidos pol\u00edticos y representantes de la sociedad civil, y anunci\u00f3 que la versi\u00f3n final ser\u00eda enviado al Poder Ejecutivo este viernes 13 para su publicaci\u00f3n en el peri\u00f3dico oficial. <\/p>\n<h6> 2015-02-13 23:05:19 <\/h6>\n<p><!--\n<link rel=\"stylesheet\" href=\"css\/bootstrap.min.css\">\n\n\n<ul class=\"pagination\">\n\t    \n\t\n\n<li >\n\t<a href='?page_no=24917'>Previous<\/a>\n\t<\/li>\n\n\n       \n    \n\n<li><a href='?page_no=1'>1<\/a><\/li>\n\n\n\n<li><a href='?page_no=2'>2<\/a><\/li>\n\n\n\n<li><a>...<\/a><\/li>\n\n\n\n<li><a href='?page_no=24916'>24916<\/a><\/li>\n\n\n\n<li><a href='?page_no=24917'>24917<\/a><\/li>\n\n\n\n<li class='active'><a>24918<\/a><\/li>\n\n\n\n<li><a href='?page_no=24919'>24919<\/a><\/li>\n\n\n\n<li><a href='?page_no=24920'>24920<\/a><\/li>\n\n\n\n<li><a>...<\/a><\/li>\n\n\n\n<li><a href='?page_no=51012'>51012<\/a><\/li>\n\n\n\n<li><a href='?page_no=51013'>51013<\/a><\/li>\n\n    \n\t\n\n<li >\n\t<a href='?page_no=24919'>Next<\/a>\n\t<\/li>\n\n\n    \n\n<li><a href='?page_no=51013'>Last &rsaquo;&rsaquo;<\/a><\/li>\n\n<\/ul>\n\n\n--><br \/>\n<\/body><\/p>\n","protected":false},"excerpt":{"rendered":"<p>Hait\u00ed, 14 feb (Xinhua) &#8212; El presidente del Consejo Electoral Provisional (CEP), Pierre-Louis Oponrt, dijo que Hait\u00ed tendr\u00e1 un nuevo gobernante el segundo mes del pr\u00f3ximo a\u00f1o, y anunci\u00f3 que entre julio pr\u00f3ximo y enero del 2016 los haitianos participar\u00e1n en tres procesos electorales. \u00abUn nuevo presidente electo ser\u00e1 juramentado el 7 de febrero de [&hellip;]<\/p>\n","protected":false},"author":3,"featured_media":0,"comment_status":"open","ping_status":"open","sticky":false,"template":"","format":"standard","meta":{"footnotes":""},"categories":[23],"tags":[],"class_list":["post-255273","post","type-post","status-publish","format-standard","hentry","category-internacional"],"_links":{"self":[{"href":"https:\/\/diariodominicano.com\/index.php?rest_route=\/wp\/v2\/posts\/255273","targetHints":{"allow":["GET"]}}],"collection":[{"href":"https:\/\/diariodominicano.com\/index.php?rest_route=\/wp\/v2\/posts"}],"about":[{"href":"https:\/\/diariodominicano.com\/index.php?rest_route=\/wp\/v2\/types\/post"}],"author":[{"embeddable":true,"href":"https:\/\/diariodominicano.com\/index.php?rest_route=\/wp\/v2\/users\/3"}],"replies":[{"embeddable":true,"href":"https:\/\/diariodominicano.com\/index.php?rest_route=%2Fwp%2Fv2%2Fcomments&post=255273"}],"version-history":[{"count":0,"href":"https:\/\/diariodominicano.com\/index.php?rest_route=\/wp\/v2\/posts\/255273\/revisions"}],"wp:attachment":[{"href":"https:\/\/diariodominicano.com\/index.php?rest_route=%2Fwp%2Fv2%2Fmedia&parent=255273"}],"wp:term":[{"taxonomy":"category","embeddable":true,"href":"https:\/\/diariodominicano.com\/index.php?rest_route=%2Fwp%2Fv2%2Fcategories&post=255273"},{"taxonomy":"post_tag","embeddable":true,"href":"https:\/\/diariodominicano.com\/index.php?rest_route=%2Fwp%2Fv2%2Ftags&post=255273"}],"curies":[{"name":"wp","href":"https:\/\/api.w.org\/{rel}","templated":true}]}}