{"id":255272,"date":"2015-02-13T23:53:20","date_gmt":"2015-02-13T23:53:20","guid":{"rendered":"http:\/\/diariodominicano.ddns.net\/?p=255272"},"modified":"2015-02-13T23:53:20","modified_gmt":"2015-02-13T23:53:20","slug":"al-menos-16-muertos-y-22-heridos-en-choque-autobus-y-tren-en-mexico","status":"publish","type":"post","link":"https:\/\/diariodominicano.com\/?p=255272","title":{"rendered":"Al menos 16 muertos y 22 heridos en choque autob\u00fas y tren en M\u00e9xico"},"content":{"rendered":"<p><body><\/p>\n<p><img decoding=\"async\" src=\"img3\/Mexicot.jpg\" \/>  <\/p>\n<p><span class=\"text1noticias\">MEXICO, 14 feb (Xinhua) &#8212; Al menos 16 personas murieron y 22 m\u00e1s resultaron heridas hoy en el choque de un autob\u00fas y un tren en el municipio de An\u00e1huac, localizado en el estado mexicano de Nuevo Le\u00f3n, inform\u00f3 el jefe de Protecci\u00f3n Civil de la entidad norte\u00f1a, Jos\u00e9 Camacho Rinc\u00f3n.<\/span><\/p>\n<p><span class=\"text1noticias\"> <\/span><\/p>\n<p><span class=\"text1noticias\">El funcionario dijo a la prensa que el accidente ocurri\u00f3 este viernes a las 18:40 horas locales (00:40 GMT) en la carretera An\u00e1huac-Nuevo Laredo, cerca de la comunidad mexicana de Colombia (Nuevo Le\u00f3n).<\/span><\/p>\n<p><span class=\"text1noticias\"> <\/span><\/p>\n<p><span class=\"text1noticias\">\u00abEl cami\u00f3n (autob\u00fas) de la empresa Transportes Frontera trasladaba a 60 personas, aunque su capacidad s\u00f3lo era para 40 personas, por lo que algunas de ellas viajaban a pie\u00bb, coment\u00f3 Camacho Rinc\u00f3n.<\/span><\/p>\n<p><span class=\"text1noticias\"> <\/span><\/p>\n<p><span class=\"text1noticias\">El autob\u00fas cubr\u00eda la ruta de Nuevo Laredo (estado de Tamaulipas) hacia la ciudad de Nueva Rosita (Coahuila).<\/span><\/p>\n<p><span class=\"text1noticias\"> <\/span><\/p>\n<p><span class=\"text1noticias\">Al lugar del percance llegaron diversos cuerpos de auxilio, as\u00ed como polic\u00edas estatales y elementos del Ej\u00e9rcito mexicano, con el fin de colaborar con las labores de rescate.<\/span><\/p>\n<p><span class=\"text1noticias\"> <\/span><\/p>\n<p><span class=\"text1noticias\">En tanto, los lesionados fueron trasladados a hospitales de la ciudad de Nuevo Laredo para su atenci\u00f3n m\u00e9dica inmediata.<\/span><\/p>\n<p><span class=\"text1noticias\">Hasta el momento, las autoridades mexicanas no han precisado las posibles causas del accid<\/span>ente.<\/p>\n<h6> 2015-02-13 23:53:20 <\/h6>\n<p><!--\n<link rel=\"stylesheet\" href=\"css\/bootstrap.min.css\">\n\n\n<ul class=\"pagination\">\n\t    \n\t\n\n<li >\n\t<a href='?page_no=24916'>Previous<\/a>\n\t<\/li>\n\n\n       \n    \n\n<li><a href='?page_no=1'>1<\/a><\/li>\n\n\n\n<li><a href='?page_no=2'>2<\/a><\/li>\n\n\n\n<li><a>...<\/a><\/li>\n\n\n\n<li><a href='?page_no=24915'>24915<\/a><\/li>\n\n\n\n<li><a href='?page_no=24916'>24916<\/a><\/li>\n\n\n\n<li class='active'><a>24917<\/a><\/li>\n\n\n\n<li><a href='?page_no=24918'>24918<\/a><\/li>\n\n\n\n<li><a href='?page_no=24919'>24919<\/a><\/li>\n\n\n\n<li><a>...<\/a><\/li>\n\n\n\n<li><a href='?page_no=51012'>51012<\/a><\/li>\n\n\n\n<li><a href='?page_no=51013'>51013<\/a><\/li>\n\n    \n\t\n\n<li >\n\t<a href='?page_no=24918'>Next<\/a>\n\t<\/li>\n\n\n    \n\n<li><a href='?page_no=51013'>Last &rsaquo;&rsaquo;<\/a><\/li>\n\n<\/ul>\n\n\n--><br \/>\n<\/body><\/p>\n","protected":false},"excerpt":{"rendered":"<p>MEXICO, 14 feb (Xinhua) &#8212; Al menos 16 personas murieron y 22 m\u00e1s resultaron heridas hoy en el choque de un autob\u00fas y un tren en el municipio de An\u00e1huac, localizado en el estado mexicano de Nuevo Le\u00f3n, inform\u00f3 el jefe de Protecci\u00f3n Civil de la entidad norte\u00f1a, Jos\u00e9 Camacho Rinc\u00f3n. El funcionario dijo a [&hellip;]<\/p>\n","protected":false},"author":3,"featured_media":0,"comment_status":"open","ping_status":"open","sticky":false,"template":"","format":"standard","meta":{"footnotes":""},"categories":[23],"tags":[],"class_list":["post-255272","post","type-post","status-publish","format-standard","hentry","category-internacional"],"_links":{"self":[{"href":"https:\/\/diariodominicano.com\/index.php?rest_route=\/wp\/v2\/posts\/255272","targetHints":{"allow":["GET"]}}],"collection":[{"href":"https:\/\/diariodominicano.com\/index.php?rest_route=\/wp\/v2\/posts"}],"about":[{"href":"https:\/\/diariodominicano.com\/index.php?rest_route=\/wp\/v2\/types\/post"}],"author":[{"embeddable":true,"href":"https:\/\/diariodominicano.com\/index.php?rest_route=\/wp\/v2\/users\/3"}],"replies":[{"embeddable":true,"href":"https:\/\/diariodominicano.com\/index.php?rest_route=%2Fwp%2Fv2%2Fcomments&post=255272"}],"version-history":[{"count":0,"href":"https:\/\/diariodominicano.com\/index.php?rest_route=\/wp\/v2\/posts\/255272\/revisions"}],"wp:attachment":[{"href":"https:\/\/diariodominicano.com\/index.php?rest_route=%2Fwp%2Fv2%2Fmedia&parent=255272"}],"wp:term":[{"taxonomy":"category","embeddable":true,"href":"https:\/\/diariodominicano.com\/index.php?rest_route=%2Fwp%2Fv2%2Fcategories&post=255272"},{"taxonomy":"post_tag","embeddable":true,"href":"https:\/\/diariodominicano.com\/index.php?rest_route=%2Fwp%2Fv2%2Ftags&post=255272"}],"curies":[{"name":"wp","href":"https:\/\/api.w.org\/{rel}","templated":true}]}}