{"id":255271,"date":"2015-02-14T11:16:15","date_gmt":"2015-02-14T11:16:15","guid":{"rendered":"http:\/\/diariodominicano.ddns.net\/?p=255271"},"modified":"2015-02-14T11:16:15","modified_gmt":"2015-02-14T11:16:15","slug":"implican-11-militares-plan-golpe-estado-y-un-ex-comandante-de-la-aviacion","status":"publish","type":"post","link":"https:\/\/diariodominicano.com\/?p=255271","title":{"rendered":"&#13;Implican 11 militares plan golpe estado, y un ex comandante de la aviaci\u00f3n"},"content":{"rendered":"<p><body><\/p>\n<p><img decoding=\"async\" src=\"img3\/plan 14.jpg\" \/>  <\/p>\n<p>Caracas, Venezuela 14 febrero.- Once militares, algunos de ellos retirados, dos dirigentes opositores y un empresario fueron se\u00f1alados de estar implicados en un supuesto plan de golpe de estado.<\/p>\n<\/p>\n<p>El presidente de la Asamblea Nacional, el diputado oficialista Diosdado Cabello, indic\u00f3 durante su programa nocturno Con el Mazo Dando, que transmite la televisora estatal, que tres de los militares implicados el caso han sido detenidos y otros dos se mantienen pr\u00f3fugos, pero no precis\u00f3 la situaci\u00f3n del resto.<\/p>\n<\/p>\n<p>El ex comandante de la Aviaci\u00f3n, general retirado Maximiliano Hern\u00e1ndez V\u00e1squez, el coronel Jos\u00e9 Su\u00e1rez R\u00f3mulo, y otros oficiales de los niveles medios y bajos, fueron se\u00f1alados por Cabello de haber participado en un plan de golpe de estado contra el gobierno del mandatario Nicol\u00e1s Maduro.<\/p>\n<\/p>\n<p>El alcalde oficialista de Caracas, Jorge Rodr\u00edguez, dijo en el programa nocturno del jueves que el general de la Aviaci\u00f3n Oswaldo Hern\u00e1ndez S\u00e1nchez, quien tambi\u00e9n estar\u00eda implicado en el nuevo complot, denunci\u00f3 que el diputado opositor Julio Borges fue la persona que escogi\u00f3 los \u00abobjetivos t\u00e1cticos\u00bb que ser\u00edan atacados en el presunto golpe.<\/p>\n<\/p>\n<p>Los dirigentes oficialistas tambi\u00e9n mencionaron al alcalde opositor de la regi\u00f3n metropolitana de Caracas, Antonio Ledezma, y al empresario Jos\u00e9 Gustavo Arocha. \u00abEl gobierno habla de estas f\u00e1bulas de golpes para que no se hable de que quebraron al pa\u00eds\u00bb, dijo el secretario ejecutivo de la coalici\u00f3n opositora \u00abMesa de la Unidad Democr\u00e1tica\u00bb, Jes\u00fas \u00abChuo\u00bb Torrealba.<\/p>\n<h6> 2015-02-14 11:16:15 <\/h6>\n<p><!--\n<link rel=\"stylesheet\" href=\"css\/bootstrap.min.css\">\n\n\n<ul class=\"pagination\">\n\t    \n\t\n\n<li >\n\t<a href='?page_no=24915'>Previous<\/a>\n\t<\/li>\n\n\n       \n    \n\n<li><a href='?page_no=1'>1<\/a><\/li>\n\n\n\n<li><a href='?page_no=2'>2<\/a><\/li>\n\n\n\n<li><a>...<\/a><\/li>\n\n\n\n<li><a href='?page_no=24914'>24914<\/a><\/li>\n\n\n\n<li><a href='?page_no=24915'>24915<\/a><\/li>\n\n\n\n<li class='active'><a>24916<\/a><\/li>\n\n\n\n<li><a href='?page_no=24917'>24917<\/a><\/li>\n\n\n\n<li><a href='?page_no=24918'>24918<\/a><\/li>\n\n\n\n<li><a>...<\/a><\/li>\n\n\n\n<li><a href='?page_no=51012'>51012<\/a><\/li>\n\n\n\n<li><a href='?page_no=51013'>51013<\/a><\/li>\n\n    \n\t\n\n<li >\n\t<a href='?page_no=24917'>Next<\/a>\n\t<\/li>\n\n\n    \n\n<li><a href='?page_no=51013'>Last &rsaquo;&rsaquo;<\/a><\/li>\n\n<\/ul>\n\n\n--><br \/>\n<\/body><\/p>\n","protected":false},"excerpt":{"rendered":"<p>Caracas, Venezuela 14 febrero.- Once militares, algunos de ellos retirados, dos dirigentes opositores y un empresario fueron se\u00f1alados de estar implicados en un supuesto plan de golpe de estado. El presidente de la Asamblea Nacional, el diputado oficialista Diosdado Cabello, indic\u00f3 durante su programa nocturno Con el Mazo Dando, que transmite la televisora estatal, que [&hellip;]<\/p>\n","protected":false},"author":3,"featured_media":0,"comment_status":"open","ping_status":"open","sticky":false,"template":"","format":"standard","meta":{"footnotes":""},"categories":[23],"tags":[],"class_list":["post-255271","post","type-post","status-publish","format-standard","hentry","category-internacional"],"_links":{"self":[{"href":"https:\/\/diariodominicano.com\/index.php?rest_route=\/wp\/v2\/posts\/255271","targetHints":{"allow":["GET"]}}],"collection":[{"href":"https:\/\/diariodominicano.com\/index.php?rest_route=\/wp\/v2\/posts"}],"about":[{"href":"https:\/\/diariodominicano.com\/index.php?rest_route=\/wp\/v2\/types\/post"}],"author":[{"embeddable":true,"href":"https:\/\/diariodominicano.com\/index.php?rest_route=\/wp\/v2\/users\/3"}],"replies":[{"embeddable":true,"href":"https:\/\/diariodominicano.com\/index.php?rest_route=%2Fwp%2Fv2%2Fcomments&post=255271"}],"version-history":[{"count":0,"href":"https:\/\/diariodominicano.com\/index.php?rest_route=\/wp\/v2\/posts\/255271\/revisions"}],"wp:attachment":[{"href":"https:\/\/diariodominicano.com\/index.php?rest_route=%2Fwp%2Fv2%2Fmedia&parent=255271"}],"wp:term":[{"taxonomy":"category","embeddable":true,"href":"https:\/\/diariodominicano.com\/index.php?rest_route=%2Fwp%2Fv2%2Fcategories&post=255271"},{"taxonomy":"post_tag","embeddable":true,"href":"https:\/\/diariodominicano.com\/index.php?rest_route=%2Fwp%2Fv2%2Ftags&post=255271"}],"curies":[{"name":"wp","href":"https:\/\/api.w.org\/{rel}","templated":true}]}}